{"id":295070,"date":"2024-01-13T05:34:06","date_gmt":"2024-01-13T11:34:06","guid":{"rendered":"https:\/\/plazajuarez.mx\/?p=295070"},"modified":"2024-01-13T05:34:09","modified_gmt":"2024-01-13T11:34:09","slug":"beckenbauer-enterrado-en-munich-en-ceremonia-familiar-y-cerca-de-la-tumba-de-su-hijo","status":"publish","type":"post","link":"https:\/\/plazajuarez.mx\/historico\/beckenbauer-enterrado-en-munich-en-ceremonia-familiar-y-cerca-de-la-tumba-de-su-hijo\/","title":{"rendered":"Beckenbauer enterrado en M\u00fanich en ceremonia familiar y cerca de la tumba de su hijo"},"content":{"rendered":"\n<p>Franz Beckenbauer fue enterrado este viernes en el cementerio de Perlacher Forst de M\u00fanich, donde tambi\u00e9n est\u00e1n enterrado su hijo Stephan y sus padres, en una ceremonia familiar en la que el ata\u00fad fue acompa\u00f1ado por su viuda Heidi y sus hijos Thomas, Michael, Joel y Francesca.<\/p>\n\n\n\n<p>Unos pocos periodistas y equipos de televisi\u00f3n tambi\u00e9n acudieron al cementerio para ser testigos de una ceremonia que la familia quer\u00eda que fuera lo m\u00e1s privada e \u00edntima posible.<\/p>\n\n\n\n<p>Esta noche el Bayern M\u00fanich, el club en el Beckenbauer jug\u00f3 la parte m\u00e1s importante de su carrera, jugar\u00e1 contra el Hoffenheim y los dos equipos llevaran brazalete negro y antes del partido se guardar\u00e1 un minuto de silencio.<\/p>\n\n\n\n<p>Para el 19 de enero est\u00e1 planificado un gran homenaje en la Allianz Arena que ser\u00e1 transmitido en directo por la Primera Cadena de la Televisi\u00f3n Alemana (ARD).<\/p>\n\n\n\n<p>En la Residenz, uno de los edificios m\u00e1s emblem\u00e1ticos de M\u00fanich, y en el ayuntamiento de M\u00fanich en la Marienplatz hay libros de condolencia para honrar a Beckenbauer.<\/p>\n\n\n\n<p>El primer ministro b\u00e1varo, Markus S\u00f6der, ha anunciado que estudiara la posibilidad de organizar un acto f\u00fanebre por parte del estado federado de Baviera.<\/p>\n\n\n\n<p>En los \u00faltimos d\u00edas se han multiplicado las propuestas para rendir homenajes duraderos a Beckenbauer. El ex seleccionador Berti Vogts ha sugerido, por ejemplo, darle su nombre a la Copa de Alemania.<\/p>\n\n\n\n<p>Tambi\u00e9n se ha propuesto darle el nombre de Beckenbauer a la Allianz Arena y bautizar con su nombre alguna plaza o alguna calle de M\u00fanich.<\/p>\n\n\n\n<p>Beckenbauer, que en los \u00faltimos a\u00f1os hab\u00eda tenido pocas apariciones p\u00fablicas, muri\u00f3 el siete de enero en su casa en Salzburgo (Austria).<\/p>\n","protected":false},"excerpt":{"rendered":"<p>Franz Beckenbauer fue enterrado este viernes en el cementerio de Perlacher Forst de M\u00fanich, donde tambi\u00e9n est\u00e1n enterrado su hijo Stephan y sus padres, en una ceremonia familiar en la que el ata\u00fad fue acompa\u00f1ado por su viuda Heidi y sus hijos Thomas, Michael, Joel y Francesca. Unos pocos periodistas y equipos de televisi\u00f3n tambi\u00e9n [&hellip;]<\/p>\n","protected":false},"author":80,"featured_media":295071,"comment_status":"closed","ping_status":"closed","sticky":false,"template":"","format":"standard","meta":{"footnotes":""},"categories":[39],"tags":[],"class_list":["post-295070","post","type-post","status-publish","format-standard","has-post-thumbnail","hentry","category-deportiva"],"_links":{"self":[{"href":"https:\/\/plazajuarez.mx\/historico\/wp-json\/wp\/v2\/posts\/295070","targetHints":{"allow":["GET"]}}],"collection":[{"href":"https:\/\/plazajuarez.mx\/historico\/wp-json\/wp\/v2\/posts"}],"about":[{"href":"https:\/\/plazajuarez.mx\/historico\/wp-json\/wp\/v2\/types\/post"}],"author":[{"embeddable":true,"href":"https:\/\/plazajuarez.mx\/historico\/wp-json\/wp\/v2\/users\/80"}],"replies":[{"embeddable":true,"href":"https:\/\/plazajuarez.mx\/historico\/wp-json\/wp\/v2\/comments?post=295070"}],"version-history":[{"count":0,"href":"https:\/\/plazajuarez.mx\/historico\/wp-json\/wp\/v2\/posts\/295070\/revisions"}],"wp:featuredmedia":[{"embeddable":true,"href":"https:\/\/plazajuarez.mx\/historico\/wp-json\/wp\/v2\/media\/295071"}],"wp:attachment":[{"href":"https:\/\/plazajuarez.mx\/historico\/wp-json\/wp\/v2\/media?parent=295070"}],"wp:term":[{"taxonomy":"category","embeddable":true,"href":"https:\/\/plazajuarez.mx\/historico\/wp-json\/wp\/v2\/categories?post=295070"},{"taxonomy":"post_tag","embeddable":true,"href":"https:\/\/plazajuarez.mx\/historico\/wp-json\/wp\/v2\/tags?post=295070"}],"curies":[{"name":"wp","href":"https:\/\/api.w.org\/{rel}","templated":true}]}}