{"id":294868,"date":"2024-01-11T10:25:40","date_gmt":"2024-01-11T16:25:40","guid":{"rendered":"https:\/\/plazajuarez.mx\/?p=294868"},"modified":"2024-01-11T10:25:42","modified_gmt":"2024-01-11T16:25:42","slug":"liberaron-a-3-190-trabajadores-esclavos-en-brasil-durante-2023","status":"publish","type":"post","link":"https:\/\/plazajuarez.mx\/historico\/liberaron-a-3-190-trabajadores-esclavos-en-brasil-durante-2023\/","title":{"rendered":"Liberaron a 3.190 trabajadores esclavos en Brasil durante 2023"},"content":{"rendered":"\n<p>Un total de 3.190 personas que se encontraban en situaci\u00f3n de trabajo esclavo fueron liberadas en Brasil durante el transcurso de 2023, la cifra m\u00e1s alta desde hace 14 a\u00f1os, inform\u00f3 este mi\u00e9rcoles el Ministerio de Trabajo y Empleo.<\/p>\n\n\n\n<p>Los inspectores llevaron a cabo el a\u00f1o pasado 598 revisiones en establecimientos urbanos y rurales, que resultaron en la liberaci\u00f3n de los trabajadores y en la imposici\u00f3n del pago de indemnizaciones y salarios por un valor que casi alcanza los 13 millones de reales (2,6 millones de d\u00f3lares), de acuerdo con un comunicado oficial.<\/p>\n\n\n\n<p>En lo que respecta a los sectores productivos, las fincas dedicadas al cultivo de caf\u00e9 lideraron la estad\u00edstica de obreros liberados, con un total de 302.<\/p>\n\n\n\n<p>Esta cifra super\u00f3 a la cantidad registrada en el sector de la ca\u00f1a de az\u00facar (258), que hasta junio hab\u00eda ostentado la posici\u00f3n principal.<\/p>\n\n\n\n<p>Goi\u00e1s, un estado brasile\u00f1o que destaca por su producci\u00f3n de soja y ma\u00edz, fue la demarcaci\u00f3n con m\u00e1s personas liberadas mediante las inspecciones de trabajo (739), seguido de Minas Gerais (651), conocido por la producci\u00f3n cafetera y l\u00e1ctea.<\/p>\n\n\n\n<p>A principios de 2023, varias empresas reconocidas de producci\u00f3n vin\u00edcola de la zona sur del pa\u00eds protagonizaron un esc\u00e1ndalo por contar con trabajadores que se encontraban en condiciones de esclavitud, motivo por el que tuvieron que pagar 7 millones de reales en indemnizaciones (1,4 millones de d\u00f3lares \/ 1,3 millones de euros).<\/p>\n\n\n\n<p>Los n\u00fameros de 2023 representan un fuerte incremento con respecto a 2022, cuando fueron rescatadas 2.575 personas en situaci\u00f3n de esclavitud, y con respecto a a\u00f1os anteriores.<\/p>\n\n\n\n<p>El entonces presidente Jair Bolsonaro (2019-2022), l\u00edder de la ultraderecha y aliado de la poderosa industria agropecuaria, critic\u00f3 en varias ocasiones el combate al trabajo esclavo e infantil.<\/p>\n\n\n\n<p>En consecuencia, su Gobierno redujo el presupuesto destinado a las campa\u00f1as de inspecci\u00f3n laboral de las fincas rurales y de otras empresas.<\/p>\n","protected":false},"excerpt":{"rendered":"<p>Un total de 3.190 personas que se encontraban en situaci\u00f3n de trabajo esclavo fueron liberadas en Brasil durante el transcurso de 2023, la cifra m\u00e1s alta desde hace 14 a\u00f1os, inform\u00f3 este mi\u00e9rcoles el Ministerio de Trabajo y Empleo. Los inspectores llevaron a cabo el a\u00f1o pasado 598 revisiones en establecimientos urbanos y rurales, que [&hellip;]<\/p>\n","protected":false},"author":80,"featured_media":294869,"comment_status":"closed","ping_status":"closed","sticky":false,"template":"","format":"standard","meta":{"footnotes":""},"categories":[31],"tags":[],"class_list":["post-294868","post","type-post","status-publish","format-standard","has-post-thumbnail","hentry","category-orbe"],"_links":{"self":[{"href":"https:\/\/plazajuarez.mx\/historico\/wp-json\/wp\/v2\/posts\/294868","targetHints":{"allow":["GET"]}}],"collection":[{"href":"https:\/\/plazajuarez.mx\/historico\/wp-json\/wp\/v2\/posts"}],"about":[{"href":"https:\/\/plazajuarez.mx\/historico\/wp-json\/wp\/v2\/types\/post"}],"author":[{"embeddable":true,"href":"https:\/\/plazajuarez.mx\/historico\/wp-json\/wp\/v2\/users\/80"}],"replies":[{"embeddable":true,"href":"https:\/\/plazajuarez.mx\/historico\/wp-json\/wp\/v2\/comments?post=294868"}],"version-history":[{"count":0,"href":"https:\/\/plazajuarez.mx\/historico\/wp-json\/wp\/v2\/posts\/294868\/revisions"}],"wp:featuredmedia":[{"embeddable":true,"href":"https:\/\/plazajuarez.mx\/historico\/wp-json\/wp\/v2\/media\/294869"}],"wp:attachment":[{"href":"https:\/\/plazajuarez.mx\/historico\/wp-json\/wp\/v2\/media?parent=294868"}],"wp:term":[{"taxonomy":"category","embeddable":true,"href":"https:\/\/plazajuarez.mx\/historico\/wp-json\/wp\/v2\/categories?post=294868"},{"taxonomy":"post_tag","embeddable":true,"href":"https:\/\/plazajuarez.mx\/historico\/wp-json\/wp\/v2\/tags?post=294868"}],"curies":[{"name":"wp","href":"https:\/\/api.w.org\/{rel}","templated":true}]}}