{"id":294773,"date":"2024-01-11T01:00:12","date_gmt":"2024-01-11T07:00:12","guid":{"rendered":"https:\/\/plazajuarez.mx\/?p=294773"},"modified":"2024-01-11T01:00:16","modified_gmt":"2024-01-11T07:00:16","slug":"encarnado-argentino","status":"publish","type":"post","link":"https:\/\/plazajuarez.mx\/historico\/encarnado-argentino\/","title":{"rendered":"Encarnado argentino"},"content":{"rendered":"\n<h2 class=\"wp-block-heading\">CINE DE MA\u00d1ANA<\/h2>\n\n\n\n<p>En esta ocasi\u00f3n vamos a hablar de \u201cCuando acecha la maldad\u201d de Dami\u00e1n Rugna, pel\u00edcula que se gan\u00f3 el premio a la mejor pel\u00edcula en el Festival de Stiges y es un buen filme de horror<\/p>\n\n\n\n<p>Sigue la racha de estrenos argentinos antes de que comience a sentirse el efecto Milei, toca el turno a \u201cCuando acecha la maldad\u201d de Dami\u00e1n Rugna, a cuya premier nos invitaron los buenos amigos de Cin\u00e9polis.<\/p>\n\n\n\n<p>El guion del director de \u201cAterrados\u201d narra la historia de los hermanos Pedro (Ezequiel Rodr\u00edguez) y Jimi (Demi\u00e1n Salom\u00f3n), quienes viven en un remoto poblado.<\/p>\n\n\n\n<p>Descubren que en la localidad se encuentra un encarnado, es decir, un hombre que se pudre en vida y que dar\u00e1 cabida a un demonio que contamina todo lo que toca. Pero las autoridades se lavan las manos e ignoran el acontecimiento.<\/p>\n\n\n\n<p>Los hermanos deciden abandonar el lugar, pero Ezequiel ha estado preso, y su esposa Sabrina (Virginia Gar\u00f3falo) se niega a entregar a sus hijos y acaba siendo v\u00edctima del encarnado.<\/p>\n\n\n\n<p>Los hermanos reciben la ayuda de Mirtha (Silvina Sabater) quien les explica que existen siete reglas para combatir al encarnado, pero que puede ser muy tarde para hacerlo.<\/p>\n\n\n\n<p>Con escasos recursos, el bonaerense consigue crear una atm\u00f3sfera opresiva e inquietante, auxiliado por una eficaz edici\u00f3n de Lionel Constantin y una machacante m\u00fasica de Pablo Fuu.<\/p>\n\n\n\n<p>\u201cCuando acecha la maldad\u201d obtuvo el premio a la mejor pel\u00edcula en el Festival de Stiges y es un buen filme de horror que llevar\u00e1 a los argentinos a preguntarse si el verdadero encarnado no es Milei.&nbsp;&nbsp;&nbsp;<\/p>\n","protected":false},"excerpt":{"rendered":"<p>CINE DE MA\u00d1ANA En esta ocasi\u00f3n vamos a hablar de \u201cCuando acecha la maldad\u201d de Dami\u00e1n Rugna, pel\u00edcula que se gan\u00f3 el premio a la mejor pel\u00edcula en el Festival de Stiges y es un buen filme de horror Sigue la racha de estrenos argentinos antes de que comience a sentirse el efecto Milei, toca [&hellip;]<\/p>\n","protected":false},"author":96,"featured_media":274987,"comment_status":"closed","ping_status":"closed","sticky":false,"template":"","format":"standard","meta":{"footnotes":""},"categories":[41,54,42],"tags":[],"class_list":["post-294773","post","type-post","status-publish","format-standard","has-post-thumbnail","hentry","category-arteria-cultural","category-jorge-carrasco","category-nuestrapalabra"],"_links":{"self":[{"href":"https:\/\/plazajuarez.mx\/historico\/wp-json\/wp\/v2\/posts\/294773","targetHints":{"allow":["GET"]}}],"collection":[{"href":"https:\/\/plazajuarez.mx\/historico\/wp-json\/wp\/v2\/posts"}],"about":[{"href":"https:\/\/plazajuarez.mx\/historico\/wp-json\/wp\/v2\/types\/post"}],"author":[{"embeddable":true,"href":"https:\/\/plazajuarez.mx\/historico\/wp-json\/wp\/v2\/users\/96"}],"replies":[{"embeddable":true,"href":"https:\/\/plazajuarez.mx\/historico\/wp-json\/wp\/v2\/comments?post=294773"}],"version-history":[{"count":0,"href":"https:\/\/plazajuarez.mx\/historico\/wp-json\/wp\/v2\/posts\/294773\/revisions"}],"wp:featuredmedia":[{"embeddable":true,"href":"https:\/\/plazajuarez.mx\/historico\/wp-json\/wp\/v2\/media\/274987"}],"wp:attachment":[{"href":"https:\/\/plazajuarez.mx\/historico\/wp-json\/wp\/v2\/media?parent=294773"}],"wp:term":[{"taxonomy":"category","embeddable":true,"href":"https:\/\/plazajuarez.mx\/historico\/wp-json\/wp\/v2\/categories?post=294773"},{"taxonomy":"post_tag","embeddable":true,"href":"https:\/\/plazajuarez.mx\/historico\/wp-json\/wp\/v2\/tags?post=294773"}],"curies":[{"name":"wp","href":"https:\/\/api.w.org\/{rel}","templated":true}]}}