{"id":294609,"date":"2024-01-09T01:32:41","date_gmt":"2024-01-09T07:32:41","guid":{"rendered":"https:\/\/plazajuarez.mx\/?p=294609"},"modified":"2024-01-09T01:32:43","modified_gmt":"2024-01-09T07:32:43","slug":"presentan-renuncias-y-cambios-en-el-gabinete-estatal","status":"publish","type":"post","link":"https:\/\/plazajuarez.mx\/historico\/presentan-renuncias-y-cambios-en-el-gabinete-estatal\/","title":{"rendered":"Presentan renuncias y cambios en el gabinete estatal"},"content":{"rendered":"\n<p>Al encabezar la primera reuni\u00f3n de gabinete de este 2024, el gobernador Julio Menchaca Salazar agradeci\u00f3 el empe\u00f1o y compromiso que cada una y uno de los titulares de cada dependencia han mostrado en beneficio del estado, por lo que exhort\u00f3 a las y los secretarios a redoblar esfuerzos para consolidar las pol\u00edticas de bienestar que se han venido impulsando a nivel estatal y federal.\u00a0<\/p>\n\n\n\n<p>Respecto a los cambios que habr\u00e1n de darse al interior del gabinete, se inform\u00f3 que presentaron su renuncia el encargado del Despacho de la Procuradur\u00eda General de Justicia del Estado de Hidalgo, Santiago Nieto Castillo; las secretarias de Bienestar e Inclusi\u00f3n Social, Simey Olvera Bautista; de Salud, Zorayda Robles Barrera; y de Cultura, Tania Meza Escorza.<\/p>\n\n\n\n<p>Tras esta decisi\u00f3n de car\u00e1cter personal, el gobernador record\u00f3 que en cada \u00e1rea habr\u00e1n de iniciarse los procesos correspondientes de entrega-recepci\u00f3n en estricto apego a la ley en la materia, ello con el prop\u00f3sito de dar certeza de absoluta transparencia.&nbsp;<\/p>\n\n\n\n<p>Asimismo, Menchaca Salazar deseo \u00e9xito a quienes se separan del gabinete estatal y reconoci\u00f3 el compromiso demostrado a lo largo de estos primeros 16 meses de gesti\u00f3n en los que el estado de Hidalgo ha logrado cambios sustanciales en la manera de construir un gobierno abierto, cercano y capaz de dar soluciones a las necesidades m\u00e1s sentidas de la gente.&nbsp;<\/p>\n\n\n\n<p>Finalmente, el titular del Ejecutivo estatal record\u00f3 que este es el primer gabinete de alternancia en la historia del estado, as\u00ed como un gabinete paritario, muestra del compromiso que se tiene con la participaci\u00f3n activa de mujeres y hombres en la vida p\u00fablica de la entidad.<\/p>\n\n\n\n<p><\/p>\n","protected":false},"excerpt":{"rendered":"<p>Al encabezar la primera reuni\u00f3n de gabinete de este 2024, el gobernador Julio Menchaca Salazar agradeci\u00f3 el empe\u00f1o y compromiso que cada una y uno de los titulares de cada dependencia han mostrado en beneficio del estado, por lo que exhort\u00f3 a las y los secretarios a redoblar esfuerzos para consolidar las pol\u00edticas de bienestar [&hellip;]<\/p>\n","protected":false},"author":93,"featured_media":294611,"comment_status":"closed","ping_status":"closed","sticky":false,"template":"","format":"standard","meta":{"footnotes":""},"categories":[59],"tags":[],"class_list":["post-294609","post","type-post","status-publish","format-standard","has-post-thumbnail","hentry","category-general"],"_links":{"self":[{"href":"https:\/\/plazajuarez.mx\/historico\/wp-json\/wp\/v2\/posts\/294609","targetHints":{"allow":["GET"]}}],"collection":[{"href":"https:\/\/plazajuarez.mx\/historico\/wp-json\/wp\/v2\/posts"}],"about":[{"href":"https:\/\/plazajuarez.mx\/historico\/wp-json\/wp\/v2\/types\/post"}],"author":[{"embeddable":true,"href":"https:\/\/plazajuarez.mx\/historico\/wp-json\/wp\/v2\/users\/93"}],"replies":[{"embeddable":true,"href":"https:\/\/plazajuarez.mx\/historico\/wp-json\/wp\/v2\/comments?post=294609"}],"version-history":[{"count":0,"href":"https:\/\/plazajuarez.mx\/historico\/wp-json\/wp\/v2\/posts\/294609\/revisions"}],"wp:featuredmedia":[{"embeddable":true,"href":"https:\/\/plazajuarez.mx\/historico\/wp-json\/wp\/v2\/media\/294611"}],"wp:attachment":[{"href":"https:\/\/plazajuarez.mx\/historico\/wp-json\/wp\/v2\/media?parent=294609"}],"wp:term":[{"taxonomy":"category","embeddable":true,"href":"https:\/\/plazajuarez.mx\/historico\/wp-json\/wp\/v2\/categories?post=294609"},{"taxonomy":"post_tag","embeddable":true,"href":"https:\/\/plazajuarez.mx\/historico\/wp-json\/wp\/v2\/tags?post=294609"}],"curies":[{"name":"wp","href":"https:\/\/api.w.org\/{rel}","templated":true}]}}