{"id":294606,"date":"2024-01-09T01:30:23","date_gmt":"2024-01-09T07:30:23","guid":{"rendered":"https:\/\/plazajuarez.mx\/?p=294606"},"modified":"2024-01-09T01:30:25","modified_gmt":"2024-01-09T07:30:25","slug":"la-tierra-de-nuestra-tierra","status":"publish","type":"post","link":"https:\/\/plazajuarez.mx\/historico\/la-tierra-de-nuestra-tierra\/","title":{"rendered":"La tierra de nuestra Tierra"},"content":{"rendered":"\n<h2 class=\"wp-block-heading\">LAGUNA DE VOCES<\/h2>\n\n\n\n<p>Ahora, apenas la segunda semana del 2024, escuch\u00f3 con sigilo que llov\u00eda y el fr\u00edo amenazaba convertir en nieve la ligera, apenas visible agua que se pegaba a los vidrios, amanecidos de humedad y vapor. Todos empiezan a mirarse con sospecha, porque no es normal toser con tanta gana maligna, casi echar pedazos de pulm\u00f3n y mirar con ojos llorones el cielo que ahora, adem\u00e1s de todo, a\u00falla en las calles pachuque\u00f1as, igual que hace 30 y tantos a\u00f1os, cuando ten\u00eda campo libre para espantar a cuanto cristiano se cruzara en su camino. A veces, por ratos diminutos, sale el sol, se pone mero enfrente de los de tos cavernosa, y les da la esperanza de que, si ya cargaron a los peregrinos del 23, qu\u00e9 les dura llegar hasta finales del actual 24. Pero saben, bien que saben, que por lo menos uno, una de los que se encuentra en la farmacia del doctor Simi, en cualquier rato desaparecer\u00e1, se har\u00e1 nada, se evaporar\u00e1 como la lluvia de las madrugadas, y luego ser\u00e1 recuerdo, y despu\u00e9s qui\u00e9n sabe, porque nadie sabe cu\u00e1nto tiempo nos guardar\u00e1 la memoria de los pocos que decidir\u00e1n no jugar al olvido con nosotros.<\/p>\n\n\n\n<p>Como sea, llegado el momento hay que partir con dignidad. Subirse al tren que nos dej\u00f3, cuando nacimos, en una estaci\u00f3n que apenas empezamos a conocer, pero que acab\u00f3 por gustarnos, hasta llegar a una edad en que reconocemos la fugacidad de todo, la enfermedad dura y latosa que antes nos hac\u00eda los mandados, pero ahora se convierte en una tos que se emperra, se agarra con dientes y garras del pulm\u00f3n que se mueve como badajo de campana en el pecho.<\/p>\n\n\n\n<p>No, seguro que ya no hacen como antes a los que pod\u00edan soportar el frio pachuque\u00f1o con una camisa de manga corta, una playera, un su\u00e9ter delgad\u00edsimo. Ahora hasta el tuzo m\u00e1s tuzo se quiebra, y tose igual a cualquier mortal de estas tierras.<\/p>\n\n\n\n<p>Algo pas\u00f3 con la tierra, me dice mi hermano que algo sucedi\u00f3 con el n\u00facleo del planeta, que de buenas a primeras decidi\u00f3 invertir el sentido de su rotaci\u00f3n, y eso preocupa, pero luego, cuando le pensamos sobre la relatividad del tiempo en una mota de polvo que es nuestra gran casa, la canica azul, ante el tama\u00f1o inconmensurable del universo, entonces caemos en la cuenta de que efectivamente, nuestra presencia es simplemente nada, nada de nada.<\/p>\n\n\n\n<p>En algo ayuda pensar as\u00ed, porque la tos que antes catalog\u00e1bamos como un siniestro asesino, solo resulta ser eso, una tos opaca, ahuecada, igual al susurro que seguramente es nuestra voz, nuestro grito de no querer irnos cuando ya le agarr\u00e1bamos gusto a esto de caminar por la tierra de nuestra Tierra.<\/p>\n\n\n\n<p>Mil gracias, hasta ma\u00f1ana.<\/p>\n\n\n\n<p>Correo: <a href=\"mailto:jeperalta@plazajuarez.mx\/historico\/historico\">jeperalta@plazajuarez.mx\/historico\/historico<\/a><\/p>\n\n\n\n<p>X: @JavierEPeralta<\/p>\n","protected":false},"excerpt":{"rendered":"<p>LAGUNA DE VOCES Ahora, apenas la segunda semana del 2024, escuch\u00f3 con sigilo que llov\u00eda y el fr\u00edo amenazaba convertir en nieve la ligera, apenas visible agua que se pegaba a los vidrios, amanecidos de humedad y vapor. Todos empiezan a mirarse con sospecha, porque no es normal toser con tanta gana maligna, casi echar [&hellip;]<\/p>\n","protected":false},"author":10,"featured_media":270464,"comment_status":"closed","ping_status":"closed","sticky":false,"template":"","format":"standard","meta":{"footnotes":""},"categories":[49,42],"tags":[],"class_list":["post-294606","post","type-post","status-publish","format-standard","has-post-thumbnail","hentry","category-javier-peralta","category-nuestrapalabra"],"_links":{"self":[{"href":"https:\/\/plazajuarez.mx\/historico\/wp-json\/wp\/v2\/posts\/294606","targetHints":{"allow":["GET"]}}],"collection":[{"href":"https:\/\/plazajuarez.mx\/historico\/wp-json\/wp\/v2\/posts"}],"about":[{"href":"https:\/\/plazajuarez.mx\/historico\/wp-json\/wp\/v2\/types\/post"}],"author":[{"embeddable":true,"href":"https:\/\/plazajuarez.mx\/historico\/wp-json\/wp\/v2\/users\/10"}],"replies":[{"embeddable":true,"href":"https:\/\/plazajuarez.mx\/historico\/wp-json\/wp\/v2\/comments?post=294606"}],"version-history":[{"count":0,"href":"https:\/\/plazajuarez.mx\/historico\/wp-json\/wp\/v2\/posts\/294606\/revisions"}],"wp:featuredmedia":[{"embeddable":true,"href":"https:\/\/plazajuarez.mx\/historico\/wp-json\/wp\/v2\/media\/270464"}],"wp:attachment":[{"href":"https:\/\/plazajuarez.mx\/historico\/wp-json\/wp\/v2\/media?parent=294606"}],"wp:term":[{"taxonomy":"category","embeddable":true,"href":"https:\/\/plazajuarez.mx\/historico\/wp-json\/wp\/v2\/categories?post=294606"},{"taxonomy":"post_tag","embeddable":true,"href":"https:\/\/plazajuarez.mx\/historico\/wp-json\/wp\/v2\/tags?post=294606"}],"curies":[{"name":"wp","href":"https:\/\/api.w.org\/{rel}","templated":true}]}}