{"id":294601,"date":"2024-01-09T01:30:00","date_gmt":"2024-01-09T07:30:00","guid":{"rendered":"https:\/\/plazajuarez.mx\/?p=294601"},"modified":"2024-01-09T01:30:04","modified_gmt":"2024-01-09T07:30:04","slug":"beckenbauer-ha-muerto","status":"publish","type":"post","link":"https:\/\/plazajuarez.mx\/historico\/beckenbauer-ha-muerto\/","title":{"rendered":"Beckenbauer ha muerto"},"content":{"rendered":"\n<p>El ex jugador y ex entrenador alem\u00e1n Franz Beckenbauer muri\u00f3 a los 78 a\u00f1os de edad, inform\u00f3 su familia ayer.<\/p>\n\n\n\n<p>Beckenbauer, &#8216;El Kaiser&#8217;, considerado la m\u00e1xima leyenda del f\u00fatbol alem\u00e1n, fue campe\u00f3n del mundo como jugador en 1974 y como seleccionador en 1990, gan\u00f3 tres veces la antigua Copa de Europa con el Bayern M\u00fanich y una Eurocopa con Alemania.<\/p>\n\n\n\n<p>En los \u00faltimos a\u00f1os hab\u00eda estado retirado de la vida p\u00fablica por problemas de salud y tambi\u00e9n por el esc\u00e1ndalo desatado por presuntas irregularidades en su trabajo para conseguir para Alemania la sede del Mundial 2006.<\/p>\n\n\n\n<p>&#8220;Con profundo dolor comunicamos que nuestro padre y mi marido, Franz Beckenbauer, muri\u00f3 el domingo, tranquilamente en el entorno de su familia. Pedimos poder llevar el duelo en paz y omitir toda pregunta&#8221;, inform\u00f3 su familia.<\/p>\n\n\n\n<p>Precisamente este lunes, la Primera Cadena de la Televisi\u00f3n Alemana (ARD) ten\u00eda programada la emisi\u00f3n de un nuevo documental sobre la vida de Beckenbauer.<\/p>\n\n\n\n<p>En el documental, adem\u00e1s de im\u00e1genes de archivo, hay declaraciones de antiguos compa\u00f1eros suyos en el Bayern, como Sepp Maier o Paul Breitner, y de la selecci\u00f3n alemana como G\u00fcnter Netzer.<\/p>\n\n\n\n<p>Tambi\u00e9n aparecen personas destacadas de la vida alemana que lo siguieron como aficionados, como el recientemente fallecido exministro de Finanzas Wolfgang Sch\u00e4uble, el exministro de Exteriores Joschka Fischer o el exministro de Interior Otto Schily.<\/p>\n\n\n\n<p>Su ex esposa Sybille Beckenbauer tambi\u00e9n es entrevistada en ese documental, igual que su ex compa\u00f1era Diana Sandmand y su hermano Walter Beckenbauer.<\/p>\n\n\n\n<p>El exjugador, sin embargo, no pudo ser entrevistado para este documental sobre su vida.<\/p>\n","protected":false},"excerpt":{"rendered":"<p>El ex jugador y ex entrenador alem\u00e1n Franz Beckenbauer muri\u00f3 a los 78 a\u00f1os de edad, inform\u00f3 su familia ayer. Beckenbauer, &#8216;El Kaiser&#8217;, considerado la m\u00e1xima leyenda del f\u00fatbol alem\u00e1n, fue campe\u00f3n del mundo como jugador en 1974 y como seleccionador en 1990, gan\u00f3 tres veces la antigua Copa de Europa con el Bayern M\u00fanich [&hellip;]<\/p>\n","protected":false},"author":80,"featured_media":294605,"comment_status":"closed","ping_status":"closed","sticky":false,"template":"","format":"standard","meta":{"footnotes":""},"categories":[39],"tags":[],"class_list":["post-294601","post","type-post","status-publish","format-standard","has-post-thumbnail","hentry","category-deportiva"],"_links":{"self":[{"href":"https:\/\/plazajuarez.mx\/historico\/wp-json\/wp\/v2\/posts\/294601","targetHints":{"allow":["GET"]}}],"collection":[{"href":"https:\/\/plazajuarez.mx\/historico\/wp-json\/wp\/v2\/posts"}],"about":[{"href":"https:\/\/plazajuarez.mx\/historico\/wp-json\/wp\/v2\/types\/post"}],"author":[{"embeddable":true,"href":"https:\/\/plazajuarez.mx\/historico\/wp-json\/wp\/v2\/users\/80"}],"replies":[{"embeddable":true,"href":"https:\/\/plazajuarez.mx\/historico\/wp-json\/wp\/v2\/comments?post=294601"}],"version-history":[{"count":0,"href":"https:\/\/plazajuarez.mx\/historico\/wp-json\/wp\/v2\/posts\/294601\/revisions"}],"wp:featuredmedia":[{"embeddable":true,"href":"https:\/\/plazajuarez.mx\/historico\/wp-json\/wp\/v2\/media\/294605"}],"wp:attachment":[{"href":"https:\/\/plazajuarez.mx\/historico\/wp-json\/wp\/v2\/media?parent=294601"}],"wp:term":[{"taxonomy":"category","embeddable":true,"href":"https:\/\/plazajuarez.mx\/historico\/wp-json\/wp\/v2\/categories?post=294601"},{"taxonomy":"post_tag","embeddable":true,"href":"https:\/\/plazajuarez.mx\/historico\/wp-json\/wp\/v2\/tags?post=294601"}],"curies":[{"name":"wp","href":"https:\/\/api.w.org\/{rel}","templated":true}]}}