{"id":294342,"date":"2024-01-06T05:46:44","date_gmt":"2024-01-06T11:46:44","guid":{"rendered":"https:\/\/plazajuarez.mx\/?p=294342"},"modified":"2024-01-06T05:46:45","modified_gmt":"2024-01-06T11:46:45","slug":"anuncia-alcalde-liquidacion-total-de-deuda-por-construccion-de-presidencia","status":"publish","type":"post","link":"https:\/\/plazajuarez.mx\/historico\/anuncia-alcalde-liquidacion-total-de-deuda-por-construccion-de-presidencia\/","title":{"rendered":"Anuncia alcalde liquidaci\u00f3n total de deuda por construcci\u00f3n de presidencia"},"content":{"rendered":"\n<p><strong>TULANCINGO<\/strong>.- El presidente municipal de Tulancingo, Jorge M\u00e1rquez Alvarado confirm\u00f3 que la deuda adquirida para la construcci\u00f3n del edificio de presidencia municipal, que inicialmente fue de 60 millones de pesos, en el periodo presidencial de 2009 \u2013 2012, que \u00e9l mismo encabez\u00f3, ya est\u00e1 completamente liquidado, como lo prometi\u00f3 al inicio de su administraci\u00f3n.<\/p>\n\n\n\n<p>Record\u00f3 que cuando culmin\u00f3 su periodo como presidente municipal en aquel entonces, dej\u00f3 la deuda en 52 millones de pesos, el 15 de enero del 2012, pero quienes lo sucedieron en el cargo, no realizaron el pago de dicha deuda, que debi\u00f3 liquidarse a los 75 meses de haberse contra\u00eddo.<\/p>\n\n\n\n<p>\u201cCuando regreso de presidente, hace tres a\u00f1os, el 15 de diciembre del 2020, encuentro una deuda, ya global, entre la presidencia municipal y el sistema catastral, por 41 millones de pesos en n\u00famero redondos. En pr\u00e1cticamente nueve a\u00f1os, no se logr\u00f3 pagar. Deb\u00edamos 41 millones de pesos de los 52 que dej\u00e9. Ya se ha liquidado, tan solo en tres a\u00f1os. Ya qued\u00f3 saldada esa cuenta\u201d, se\u00f1al\u00f3 el alcalde.<\/p>\n\n\n\n<p>Fue en la primera administraci\u00f3n de M\u00e1rquez Alvarado cuando se solicit\u00f3 la l\u00ednea de cr\u00e9dito, en noviembre del a\u00f1o 2010, tras autorizaci\u00f3n del Congreso del estado de Hidalgo, pues se tendr\u00eda que pagar m\u00e1s all\u00e1 del t\u00e9rmino del periodo de gobierno 2009 &#8211; 2012.<\/p>\n\n\n\n<p>Al finalizar dicho periodo de gobierno, en enero del 2012, qued\u00f3 pendiente un saldo a pagar por 52 millones de pesos, con un presupuesto de 700 mil pesos mensuales para cubrir el adeudo en 75 meses.<\/p>\n\n\n\n<p>Pero durante las dos siguientes administraciones municipales se realizaron negociaciones y ajustes para el pago del cr\u00e9dito, lo que alarg\u00f3 el plazo para cubrirlo totalmente.<\/p>\n\n\n\n<p>En febrero del a\u00f1o pasado, M\u00e1rquez Alvarado comprometi\u00f3 que en agosto del 2024, antes de finalizar el gobierno a su cargo, estar\u00eda totalmente cubierto dicho pr\u00e9stamo.<\/p>\n\n\n\n<p>&#8220;Nos adelantamos, gracias precisamente al manejo adecuado de nuestros recursos financieros, por lo que ya logramos finiquitar el pr\u00e9stamo\u201d, celebr\u00f3.<\/p>\n\n\n\n<p>El alcalde agreg\u00f3 que en este mismo periodo de gobierno tambi\u00e9n se cubrieron alrededor de seis millones de pesos de un cr\u00e9dito por casi 17 millones de pesos, solicitado en el a\u00f1o 2013, para la modernizaci\u00f3n del sistema catastral.<\/p>\n\n\n\n<p>&#8220;Compromet\u00ed finalizar mi gobierno sin adeudo alguno para la administraci\u00f3n municipal, y estamos cumpliendo varios meses antes&#8221;, finaliz\u00f3.<\/p>\n","protected":false},"excerpt":{"rendered":"<p>TULANCINGO.- El presidente municipal de Tulancingo, Jorge M\u00e1rquez Alvarado confirm\u00f3 que la deuda adquirida para la construcci\u00f3n del edificio de presidencia municipal, que inicialmente fue de 60 millones de pesos, en el periodo presidencial de 2009 \u2013 2012, que \u00e9l mismo encabez\u00f3, ya est\u00e1 completamente liquidado, como lo prometi\u00f3 al inicio de su administraci\u00f3n. Record\u00f3 [&hellip;]<\/p>\n","protected":false},"author":70,"featured_media":294343,"comment_status":"closed","ping_status":"closed","sticky":false,"template":"","format":"standard","meta":{"footnotes":""},"categories":[40],"tags":[],"class_list":["post-294342","post","type-post","status-publish","format-standard","has-post-thumbnail","hentry","category-region"],"_links":{"self":[{"href":"https:\/\/plazajuarez.mx\/historico\/wp-json\/wp\/v2\/posts\/294342","targetHints":{"allow":["GET"]}}],"collection":[{"href":"https:\/\/plazajuarez.mx\/historico\/wp-json\/wp\/v2\/posts"}],"about":[{"href":"https:\/\/plazajuarez.mx\/historico\/wp-json\/wp\/v2\/types\/post"}],"author":[{"embeddable":true,"href":"https:\/\/plazajuarez.mx\/historico\/wp-json\/wp\/v2\/users\/70"}],"replies":[{"embeddable":true,"href":"https:\/\/plazajuarez.mx\/historico\/wp-json\/wp\/v2\/comments?post=294342"}],"version-history":[{"count":0,"href":"https:\/\/plazajuarez.mx\/historico\/wp-json\/wp\/v2\/posts\/294342\/revisions"}],"wp:featuredmedia":[{"embeddable":true,"href":"https:\/\/plazajuarez.mx\/historico\/wp-json\/wp\/v2\/media\/294343"}],"wp:attachment":[{"href":"https:\/\/plazajuarez.mx\/historico\/wp-json\/wp\/v2\/media?parent=294342"}],"wp:term":[{"taxonomy":"category","embeddable":true,"href":"https:\/\/plazajuarez.mx\/historico\/wp-json\/wp\/v2\/categories?post=294342"},{"taxonomy":"post_tag","embeddable":true,"href":"https:\/\/plazajuarez.mx\/historico\/wp-json\/wp\/v2\/tags?post=294342"}],"curies":[{"name":"wp","href":"https:\/\/api.w.org\/{rel}","templated":true}]}}