{"id":294300,"date":"2024-01-05T18:59:23","date_gmt":"2024-01-06T00:59:23","guid":{"rendered":"https:\/\/plazajuarez.mx\/?p=294300"},"modified":"2024-01-05T18:59:30","modified_gmt":"2024-01-06T00:59:30","slug":"fallece-el-empresario-mexicano-carlos-bremer-a-los-63-anos","status":"publish","type":"post","link":"https:\/\/plazajuarez.mx\/historico\/fallece-el-empresario-mexicano-carlos-bremer-a-los-63-anos\/","title":{"rendered":"Fallece el empresario mexicano Carlos Bremer a los 63 a\u00f1os"},"content":{"rendered":"\n<p>El empresario y fil\u00e1ntropo mexicano Carlos Bremer Guti\u00e9rrez, presidente y director general de la firma Value Grupo Financiero, falleci\u00f3 este viernes a los 63 a\u00f1os tras estar hospitalizado desde el pasado 2 de enero.<\/p>\n\n\n\n<p>Bremer, cercano al presidente Andr\u00e9s Manuel L\u00f3pez Obrador, ayud\u00f3 con becas a estudiantes y deportistas mexicanos y particip\u00f3 como uno de los \u00b4tiburones\u00b4 del programa de televisi\u00f3n Shark Tank M\u00e9xico.<\/p>\n\n\n\n<p>Apenas el martes pasado el empresario se desvaneci\u00f3 debido a un preinfarto que sufri\u00f3 dentro de las oficinas de su empresa en el estado de Nuevo Le\u00f3n y su estado de salud se hab\u00eda reportado como estable.<\/p>\n\n\n\n<p>&#8220;Con profunda tristeza, Value Grupo Financiero comunica que el se\u00f1or Carlos Bremer Guti\u00e9rrez, presidente del consejo de administraci\u00f3n y director general, falleci\u00f3 el d\u00eda de hoy en un hospital del \u00e1rea metropolitana de Monterrey&#8221; por &#8220;complicaciones derivadas del desvanecimiento que sufri\u00f3 el martes 2 de enero de 2024&#8221;, inform\u00f3 la empresa en un comunicado.<\/p>\n\n\n\n<p>&#8220;Value Grupo Financiero y su personal desean rendir un homenaje a un hombre con valores, ideales y liderazgo, que tuvo un profundo sentido humano y compromiso social: un empresario que crey\u00f3, apoy\u00f3 y am\u00f3 a M\u00e9xico&#8221;, a\u00f1adi\u00f3 el texto.<\/p>\n\n\n\n<p>La firma indic\u00f3 que Bremer asumi\u00f3 la direcci\u00f3n general de Value Grupo Financiero en 1993 y bajo su gesti\u00f3n, el grupo financiero increment\u00f3 su capital contable y la penetraci\u00f3n de mercados a nivel nacional.<\/p>\n\n\n\n<p>\u201cDe manera simult\u00e1nea, realiz\u00f3 una amplia labor en beneficio a diversas causas, labor que incluy\u00f3 el apoyo al deporte, a la educaci\u00f3n, a diferentes actividades art\u00edsticas, as\u00ed como muchas otras causas de filantrop\u00eda\u201d, destac\u00f3 el comunicado.<\/p>\n\n\n\n<p>Bremer naci\u00f3 en la ciudad de Monterrey, Nuevo Le\u00f3n, el 1 de junio de 1960. Se gradu\u00f3 en la licenciatura de Contadur\u00eda por el Instituto Tecnol\u00f3gico de Estudios Superiores (Tec) de Monterrey.<\/p>\n\n\n\n<p>Su actividad empresarial, seg\u00fan sus propias palabras, la inici\u00f3 cuando ten\u00eda 12 a\u00f1os con la venta de calculadoras, mientras que a los 19 se inici\u00f3 en el sector de finanzas. Adem\u00e1s, estudi\u00f3 Contadur\u00eda en el Instituto Tecnol\u00f3gico y de Estudios Superiores de Monterrey.<\/p>\n\n\n\n<p>En 1993 fund\u00f3 Grupo Financiero Value, el cual agrupa a Value Casa de Bolsa, Fina Arrenda y Fina Factor. Desde 2010 era presidente del Consejo de Administraci\u00f3n.<\/p>\n\n\n\n<p>Bremer era uno de los hombres m\u00e1s ricos de M\u00e9xico y su fortuna estaba estimada en unos 67.000 millones de d\u00f3lares.<\/p>\n\n\n\n<p>Value precis\u00f3 que Jos\u00e9 Ka\u00fan Nader asumir\u00e1 interinamente las funciones de director general de Value Grupo Financiero y de su subsidiaria Value, Casa de Bolsa, en tanto el Consejo de Administraci\u00f3n sesiona para ratificar dicho nombramiento.<\/p>\n\n\n\n<p>Bremer tambi\u00e9n forj\u00f3 amistad con personalidades como el expresidente de Estados Unidos Bill Clinton; el campe\u00f3n mundial de boxeo, Sa\u00fal \u201cCanelo\u201d \u00c1lvarez, el exbeisbolista Fernando Valenzuela, as\u00ed como con el cantante Luis Miguel.<\/p>\n\n\n\n<p>En 2020 acompa\u00f1\u00f3 a L\u00f3pez Obrador a una reuni\u00f3n con el ahora expresidente de Estados Unido, Donald Trump, en Washington.<\/p>\n","protected":false},"excerpt":{"rendered":"<p>El empresario y fil\u00e1ntropo mexicano Carlos Bremer Guti\u00e9rrez, presidente y director general de la firma Value Grupo Financiero, falleci\u00f3 este viernes a los 63 a\u00f1os tras estar hospitalizado desde el pasado 2 de enero. Bremer, cercano al presidente Andr\u00e9s Manuel L\u00f3pez Obrador, ayud\u00f3 con becas a estudiantes y deportistas mexicanos y particip\u00f3 como uno de [&hellip;]<\/p>\n","protected":false},"author":80,"featured_media":294301,"comment_status":"closed","ping_status":"closed","sticky":false,"template":"","format":"standard","meta":{"footnotes":""},"categories":[15,36],"tags":[],"class_list":["post-294300","post","type-post","status-publish","format-standard","has-post-thumbnail","hentry","category-destacadas","category-nacion"],"_links":{"self":[{"href":"https:\/\/plazajuarez.mx\/historico\/wp-json\/wp\/v2\/posts\/294300","targetHints":{"allow":["GET"]}}],"collection":[{"href":"https:\/\/plazajuarez.mx\/historico\/wp-json\/wp\/v2\/posts"}],"about":[{"href":"https:\/\/plazajuarez.mx\/historico\/wp-json\/wp\/v2\/types\/post"}],"author":[{"embeddable":true,"href":"https:\/\/plazajuarez.mx\/historico\/wp-json\/wp\/v2\/users\/80"}],"replies":[{"embeddable":true,"href":"https:\/\/plazajuarez.mx\/historico\/wp-json\/wp\/v2\/comments?post=294300"}],"version-history":[{"count":0,"href":"https:\/\/plazajuarez.mx\/historico\/wp-json\/wp\/v2\/posts\/294300\/revisions"}],"wp:featuredmedia":[{"embeddable":true,"href":"https:\/\/plazajuarez.mx\/historico\/wp-json\/wp\/v2\/media\/294301"}],"wp:attachment":[{"href":"https:\/\/plazajuarez.mx\/historico\/wp-json\/wp\/v2\/media?parent=294300"}],"wp:term":[{"taxonomy":"category","embeddable":true,"href":"https:\/\/plazajuarez.mx\/historico\/wp-json\/wp\/v2\/categories?post=294300"},{"taxonomy":"post_tag","embeddable":true,"href":"https:\/\/plazajuarez.mx\/historico\/wp-json\/wp\/v2\/tags?post=294300"}],"curies":[{"name":"wp","href":"https:\/\/api.w.org\/{rel}","templated":true}]}}