{"id":29424,"date":"2016-10-03T12:11:09","date_gmt":"2016-10-03T12:11:09","guid":{"rendered":"http:\/\/plazajuarez.mx\/index\/index.php\/2016\/10\/03\/futbol-nacional-557\/"},"modified":"2016-10-03T12:11:09","modified_gmt":"2016-10-03T12:11:09","slug":"futbol-nacional-557","status":"publish","type":"post","link":"https:\/\/plazajuarez.mx\/historico\/futbol-nacional-557\/","title":{"rendered":"Futbol Nacional"},"content":{"rendered":"<p>#M\u00c1QUINA CELESTE<br \/>TOM\u00c1S BOY RESPIRA CON TRIUNFO AZUL <br \/>\u25cf\u00a0\u00a0\u00a0 Tras semanas de abucheos, el entrenador capitalino ya fue respaldado por directiva y afici\u00f3n, que hoy se ilusionan con la cercan\u00eda a puestos de Liguilla a s\u00f3lo cinco fechas del cierre de una campa\u00f1a<br \/>DATO<br \/>En su tercer torneo con la M\u00e1quina, Boy Espinoza podr\u00eda jugar su \u00faltima carta para mantenerse al frente del equipo.<\/p>\n<p>  <!--more-->  <\/p>\n<p>La calma ha llegado para Tom\u00e1s Boy, al menos de momento y gracias a una nueva victoria conseguida al interior del Estadio Azul; la segunda en la presente campa\u00f1a y llegada hasta la Jornada 12 del Apertura 2016.<br \/>Tras semanas de abucheos, el entrenador capitalino ya fue respaldado por directiva y afici\u00f3n, que hoy se ilusionan con la cercan\u00eda a puestos de Liguilla a s\u00f3lo cinco fechas del cierre de una campa\u00f1a iniciada con el pie izquierdo.<br \/>El &#8216;Jefe&#8217; fue aplaudido tras la \u00faltima presentaci\u00f3n de la M\u00e1quina, fue invitado a realizar su tradicional baile en cada gol celeste e incluso sonri\u00f3 con simpat\u00eda cada que la tribuna detr\u00e1s de su banca coreaba su nombre.<br \/>Tom\u00e1s ya luce lejano a la horca, a la que fue &#8216;condenado&#8217; tras la inveros\u00edmil derrota en el Cl\u00e1sico Joven y de la que poco a poco se ha librado para ganar de nueva cuenta la confianza de su afici\u00f3n.<br \/>Desde el partido contra Am\u00e9rica los n\u00fameros lucen favorables para Cruz Azul: El equipo registra dos triunfos, una derrota y un empate, mientras que a\u00fan no conoce la derrota en la Copa MX, torneo &#8216;salvavidas&#8217; del experimentado estratega.<br \/>En su tercer torneo con la M\u00e1quina, Boy Espinoza podr\u00eda jugar su \u00faltima carta para mantenerse al frente del equipo. Los seguidores del equipo le respaldan como hace mucho no lo hac\u00edan, pero su confianza no llegar\u00e1 m\u00e1s all\u00e1 de la presente campa\u00f1a, en la que se exige un puesto en la Fiesta Grande.<br \/>Pese a la confianza que hoy se respira, no todo es alentador para los celestes y su timonel; en el curso pasado llegaron a la Jornada 12 en el cuarto de la Tabla General y ni as\u00ed llegaron a Liguilla, mientras que en el Apertura 2015 se registraban m\u00e1s puntos que a la fecha y tampoco se avanz\u00f3 a la siguiente ronda.<br \/>**<br \/>#VERACRUZ<br \/>Gabriel Pe\u00f1alba explota contra el silbante C\u00e9sar Arturo Ramos <br \/>Luego de caer por 5-3 en el Estadio Azul, Gabriel Pe\u00f1alba, futbolista de Veracruz, asegur\u00f3 que tanto \u00e9l como sus compa\u00f1eros recibieron burlas y malos tratos de parte de C\u00e9sar Arturo Ramos, \u00e1rbitro central del partido que disputaron contra la M\u00e1quina.<br \/>&#8220;Cuando \u00edbamos 2-2 nos anul\u00f3 un gol, empieza con las tarjetas, as\u00ed no se puede, la verdad. Si me van a dar 30 fechas por lo que digo, prefiero sacarme lo que yo siento, con un \u00e1rbitro que la verdad hoy nos &#8216;cag\u00f3&#8221;&#8216;.<br \/>&#8220;Estoy convencido porque nos &#8216;cag\u00f3&#8217; hoy y casi todas las veces que nos dirige \u00e9l nos caga, y encima nos &#8216;forr\u00f3&#8217; (Se burl\u00f3). Como tiene la potestad de que no le puedes decir nada, se burla&#8221;, explic\u00f3 al respecto el veterano argentino de los Tiburones.<br \/>Pe\u00f1alba ahond\u00f3 en las palabras de Ramos, a quien acus\u00f3 de provocar a los jugadores de Veracruz dentro del terreno de juego, situaci\u00f3n que el contenci\u00f3n sudamericano asegura nunca haber vivido antes.<br \/>&#8220;\u00bfSabes lo que me respondi\u00f3 cuando \u00edbamos 2-2? &#8216;No te olvides del penalti que te di contra santos&#8217;. Yo no estoy mintiendo, eh. Es algo que sucede ah\u00ed en el campo, \u00bfC\u00f3mo quiere que uno no se caliente si los tratos de este personaje no son los adecuados&#8221;, agreg\u00f3 el futbolista.<br \/>El &#8216;Gabi&#8217; reconoci\u00f3 que cedi\u00f3 a todas las provocaciones del silbante, a quien acus\u00f3 de recriminar los errores cometidos por los escualos sobre el terreno de juego, para as\u00ed burlarse de sus condiciones t\u00e9cnicas.<\/p>\n","protected":false},"excerpt":{"rendered":"<p>#M\u00c1QUINA CELESTETOM\u00c1S BOY RESPIRA CON TRIUNFO AZUL \u25cf\u00a0\u00a0\u00a0 Tras semanas de abucheos, el entrenador capitalino ya fue respaldado por directiva y afici\u00f3n, que hoy se ilusionan con la cercan\u00eda a puestos de Liguilla a s\u00f3lo cinco fechas del cierre de una campa\u00f1aDATOEn su tercer torneo con la M\u00e1quina, Boy Espinoza podr\u00eda jugar su \u00faltima carta [&hellip;]<\/p>\n","protected":false},"author":93,"featured_media":0,"comment_status":"open","ping_status":"open","sticky":false,"template":"","format":"standard","meta":{"footnotes":""},"categories":[39],"tags":[],"class_list":["post-29424","post","type-post","status-publish","format-standard","hentry","category-deportiva"],"_links":{"self":[{"href":"https:\/\/plazajuarez.mx\/historico\/wp-json\/wp\/v2\/posts\/29424","targetHints":{"allow":["GET"]}}],"collection":[{"href":"https:\/\/plazajuarez.mx\/historico\/wp-json\/wp\/v2\/posts"}],"about":[{"href":"https:\/\/plazajuarez.mx\/historico\/wp-json\/wp\/v2\/types\/post"}],"author":[{"embeddable":true,"href":"https:\/\/plazajuarez.mx\/historico\/wp-json\/wp\/v2\/users\/93"}],"replies":[{"embeddable":true,"href":"https:\/\/plazajuarez.mx\/historico\/wp-json\/wp\/v2\/comments?post=29424"}],"version-history":[{"count":0,"href":"https:\/\/plazajuarez.mx\/historico\/wp-json\/wp\/v2\/posts\/29424\/revisions"}],"wp:attachment":[{"href":"https:\/\/plazajuarez.mx\/historico\/wp-json\/wp\/v2\/media?parent=29424"}],"wp:term":[{"taxonomy":"category","embeddable":true,"href":"https:\/\/plazajuarez.mx\/historico\/wp-json\/wp\/v2\/categories?post=29424"},{"taxonomy":"post_tag","embeddable":true,"href":"https:\/\/plazajuarez.mx\/historico\/wp-json\/wp\/v2\/tags?post=29424"}],"curies":[{"name":"wp","href":"https:\/\/api.w.org\/{rel}","templated":true}]}}