{"id":294223,"date":"2024-01-05T02:43:52","date_gmt":"2024-01-05T08:43:52","guid":{"rendered":"https:\/\/plazajuarez.mx\/?p=294223"},"modified":"2024-01-05T02:43:56","modified_gmt":"2024-01-05T08:43:56","slug":"amlo-admite-que-migrantes-secuestrados-fueron-liberados-no-rescatados","status":"publish","type":"post","link":"https:\/\/plazajuarez.mx\/historico\/amlo-admite-que-migrantes-secuestrados-fueron-liberados-no-rescatados\/","title":{"rendered":"AMLO admite que migrantes secuestrados &#8220;fueron liberados no rescatados&#8221;"},"content":{"rendered":"\n<p class=\"wp-block-paragraph\">El presidente mexicano, Andr\u00e9s Manuel L\u00f3pez Obrador, admiti\u00f3 este jueves que los 32 migrantes secuestrados en el estado de Tamaulipas, fronterizo con Estados Unidos &#8220;fueron liberados&#8221; por sus captores y &#8220;no rescatados&#8221; por el Gobierno, por lo que a\u00fan no se reportan detenidos.<\/p>\n\n\n\n<p class=\"wp-block-paragraph\">Las declaraciones del mandatario contrastan con las del vocero de la Presidencia, Jes\u00fas Ram\u00edrez Cuevas, y la secretaria de Gobernaci\u00f3n, Luisa Mar\u00eda Alcalde, quienes este mi\u00e9rcoles aseguraron que las autoridades &#8220;rescataron&#8221; a los migrantes, identificados con procedencia de Colombia, Ecuador, Honduras y Venezuela.<\/p>\n\n\n\n<p class=\"wp-block-paragraph\">En su conferencia matutina, L\u00f3pez Obrador aclar\u00f3 que la investigaci\u00f3n contin\u00faa, pero que el m\u00f3vil del crimen fue para extorsionar a los familiares de los migrantes, al reportar un total de 32 v\u00edctimas tras sumar una beb\u00e9 que no se hab\u00eda contabilizado en un principio.<\/p>\n","protected":false},"excerpt":{"rendered":"<p>El presidente mexicano, Andr\u00e9s Manuel L\u00f3pez Obrador, admiti\u00f3 este jueves que los 32 migrantes secuestrados en el estado de Tamaulipas, fronterizo con Estados Unidos &#8220;fueron liberados&#8221; por sus captores y &#8220;no rescatados&#8221; por el Gobierno, por lo que a\u00fan no se reportan detenidos. Las declaraciones del mandatario contrastan con las del vocero de la Presidencia, [&hellip;]<\/p>\n","protected":false},"author":80,"featured_media":294224,"comment_status":"closed","ping_status":"closed","sticky":false,"template":"","format":"standard","meta":{"footnotes":""},"categories":[36],"tags":[],"class_list":["post-294223","post","type-post","status-publish","format-standard","has-post-thumbnail","hentry","category-nacion"],"_links":{"self":[{"href":"https:\/\/plazajuarez.mx\/historico\/wp-json\/wp\/v2\/posts\/294223","targetHints":{"allow":["GET"]}}],"collection":[{"href":"https:\/\/plazajuarez.mx\/historico\/wp-json\/wp\/v2\/posts"}],"about":[{"href":"https:\/\/plazajuarez.mx\/historico\/wp-json\/wp\/v2\/types\/post"}],"author":[{"embeddable":true,"href":"https:\/\/plazajuarez.mx\/historico\/wp-json\/wp\/v2\/users\/80"}],"replies":[{"embeddable":true,"href":"https:\/\/plazajuarez.mx\/historico\/wp-json\/wp\/v2\/comments?post=294223"}],"version-history":[{"count":0,"href":"https:\/\/plazajuarez.mx\/historico\/wp-json\/wp\/v2\/posts\/294223\/revisions"}],"wp:featuredmedia":[{"embeddable":true,"href":"https:\/\/plazajuarez.mx\/historico\/wp-json\/wp\/v2\/media\/294224"}],"wp:attachment":[{"href":"https:\/\/plazajuarez.mx\/historico\/wp-json\/wp\/v2\/media?parent=294223"}],"wp:term":[{"taxonomy":"category","embeddable":true,"href":"https:\/\/plazajuarez.mx\/historico\/wp-json\/wp\/v2\/categories?post=294223"},{"taxonomy":"post_tag","embeddable":true,"href":"https:\/\/plazajuarez.mx\/historico\/wp-json\/wp\/v2\/tags?post=294223"}],"curies":[{"name":"wp","href":"https:\/\/api.w.org\/{rel}","templated":true}]}}