{"id":294217,"date":"2024-01-05T02:38:30","date_gmt":"2024-01-05T08:38:30","guid":{"rendered":"https:\/\/plazajuarez.mx\/?p=294217"},"modified":"2024-01-05T02:38:33","modified_gmt":"2024-01-05T08:38:33","slug":"sheinbaum-dice-que-e-u-debe-invertir-en-paises-pobres","status":"publish","type":"post","link":"https:\/\/plazajuarez.mx\/historico\/sheinbaum-dice-que-e-u-debe-invertir-en-paises-pobres\/","title":{"rendered":"Sheinbaum dice que E.U. debe invertir en pa\u00edses pobres"},"content":{"rendered":"\n<p class=\"wp-block-paragraph\">La aspirante presidencial por Morena, Claudia Sheinbaum, afirm\u00f3 este jueves que la soluci\u00f3n al problema de la migraci\u00f3n es invertir y generar condiciones de vida en los lugares de donde la gente sale por necesidad, algo que deber\u00e1 reiterar M\u00e9xico a Estados Unidos.<\/p>\n\n\n\n<p class=\"wp-block-paragraph\">De gira en el norte\u00f1o estado de Nuevo Le\u00f3n, fronterizo con EEUU, Sheinbaum abord\u00f3 el tema del problema migratorio y reconoci\u00f3 que es uno de los de mayor dificultad.<\/p>\n\n\n\n<p class=\"wp-block-paragraph\">\u201cYo pienso que tenemos que seguir insistiendo con Estados Unidos, independientemente de quien vaya a ganar la elecci\u00f3n en Estados Unidos en el 2024, en que la soluci\u00f3n de fondo para la migraci\u00f3n es la cooperaci\u00f3n para el desarrollo. Invertir en los lugares en donde se est\u00e1 expulsando personas por necesidad\u201d, se\u00f1al\u00f3 en declaraciones a medios de comunicaci\u00f3n.<\/p>\n\n\n\n<p class=\"wp-block-paragraph\">Sheinbaum indic\u00f3 que tanto el presidente estadounidense, Joe Biden, como el presidente mexicano, Andr\u00e9s Manuel L\u00f3pez Obrador, han coincidido en que las personas migran por necesidad.<\/p>\n\n\n\n<p class=\"wp-block-paragraph\">\u201cNos dijo el presidente Biden cuando estuvo en M\u00e9xico y lo dice repetidamente el presidente L\u00f3pez Obrador\u201d, coment\u00f3 Sheinbaum, ex jefa de gobierno de la Ciudad de M\u00e9xico.<\/p>\n\n\n\n<p class=\"wp-block-paragraph\">A\u00f1adi\u00f3 que la \u00fanica manera de resolver el problema de la migraci\u00f3n es invertir y que se generen las condiciones de vida dignas en los lugares en donde las personas est\u00e1n migrando.<\/p>\n\n\n\n<p class=\"wp-block-paragraph\">\u201cLo que ha hecho el presidente de la Rep\u00fablica en el sureste de M\u00e9xico ha disminuido la migraci\u00f3n porque hay empleo, hay buen empleo\u201d, sostuvo.<\/p>\n\n\n\n<p class=\"wp-block-paragraph\">Por otra parte, dijo que tambi\u00e9n hay que insistir con Estados Unidos en visas de trabajo controladas que permitan una migraci\u00f3n controlada.<\/p>\n","protected":false},"excerpt":{"rendered":"<p>La aspirante presidencial por Morena, Claudia Sheinbaum, afirm\u00f3 este jueves que la soluci\u00f3n al problema de la migraci\u00f3n es invertir y generar condiciones de vida en los lugares de donde la gente sale por necesidad, algo que deber\u00e1 reiterar M\u00e9xico a Estados Unidos. De gira en el norte\u00f1o estado de Nuevo Le\u00f3n, fronterizo con EEUU, [&hellip;]<\/p>\n","protected":false},"author":80,"featured_media":294218,"comment_status":"closed","ping_status":"closed","sticky":false,"template":"","format":"standard","meta":{"footnotes":""},"categories":[36],"tags":[],"class_list":["post-294217","post","type-post","status-publish","format-standard","has-post-thumbnail","hentry","category-nacion"],"_links":{"self":[{"href":"https:\/\/plazajuarez.mx\/historico\/wp-json\/wp\/v2\/posts\/294217","targetHints":{"allow":["GET"]}}],"collection":[{"href":"https:\/\/plazajuarez.mx\/historico\/wp-json\/wp\/v2\/posts"}],"about":[{"href":"https:\/\/plazajuarez.mx\/historico\/wp-json\/wp\/v2\/types\/post"}],"author":[{"embeddable":true,"href":"https:\/\/plazajuarez.mx\/historico\/wp-json\/wp\/v2\/users\/80"}],"replies":[{"embeddable":true,"href":"https:\/\/plazajuarez.mx\/historico\/wp-json\/wp\/v2\/comments?post=294217"}],"version-history":[{"count":0,"href":"https:\/\/plazajuarez.mx\/historico\/wp-json\/wp\/v2\/posts\/294217\/revisions"}],"wp:featuredmedia":[{"embeddable":true,"href":"https:\/\/plazajuarez.mx\/historico\/wp-json\/wp\/v2\/media\/294218"}],"wp:attachment":[{"href":"https:\/\/plazajuarez.mx\/historico\/wp-json\/wp\/v2\/media?parent=294217"}],"wp:term":[{"taxonomy":"category","embeddable":true,"href":"https:\/\/plazajuarez.mx\/historico\/wp-json\/wp\/v2\/categories?post=294217"},{"taxonomy":"post_tag","embeddable":true,"href":"https:\/\/plazajuarez.mx\/historico\/wp-json\/wp\/v2\/tags?post=294217"}],"curies":[{"name":"wp","href":"https:\/\/api.w.org\/{rel}","templated":true}]}}