{"id":294211,"date":"2024-01-05T02:32:42","date_gmt":"2024-01-05T08:32:42","guid":{"rendered":"https:\/\/plazajuarez.mx\/?p=294211"},"modified":"2024-01-05T02:32:46","modified_gmt":"2024-01-05T08:32:46","slug":"ricky-rubio-anuncia-su-retirada-de-la-nba","status":"publish","type":"post","link":"https:\/\/plazajuarez.mx\/historico\/ricky-rubio-anuncia-su-retirada-de-la-nba\/","title":{"rendered":"Ricky Rubio anuncia su retirada de la NBA"},"content":{"rendered":"\n<p class=\"wp-block-paragraph\">Ricky Rubio anunci\u00f3 su retirada de la NBA tras doce temporadas en la liga de baloncesto m\u00e1s prestigiosa del planeta.<\/p>\n\n\n\n<p class=\"wp-block-paragraph\">&#8220;Quer\u00eda publicar hoy este mensaje para vosotros porque mi carrera en la NBA ha llegado a su fin hoy&#8221;, escribi\u00f3 el base espa\u00f1ol en X, la red social antes conocida como Twitter.<\/p>\n\n\n\n<p class=\"wp-block-paragraph\">El comunicado de Ricky lleg\u00f3 poco despu\u00e9s de que la cadena ESPN informara del acuerdo entre los Cleveland Cavaliers y el jugador espa\u00f1ol para la rescisi\u00f3n de su contrato.&nbsp;<\/p>\n\n\n\n<p class=\"wp-block-paragraph\">Adem\u00e1s de anunciar su retirada de la NBA, Rubio, de baja por salud mental desde el pasado verano, explic\u00f3 en este comunicado su situaci\u00f3n actual.<\/p>\n\n\n\n<p class=\"wp-block-paragraph\">&#8220;El pasado 30 de julio fue una de las noches m\u00e1s duras de mi vida. Mi mente fue a un lugar oscuro. De alguna forma sab\u00eda que iba en esa direcci\u00f3n, pero nunca pens\u00e9 que no ten\u00eda la situaci\u00f3n bajo control. Al d\u00eda siguiente decid\u00ed parar mi carrera profesional&#8221;, detall\u00f3.<\/p>\n\n\n\n<p class=\"wp-block-paragraph\">&#8220;Un d\u00eda, cuando sea el momento adecuado, me gustar\u00eda compartir mi experiencia completa con todos vosotros para que pueda ayudar a apoyar a otros que pasan por situaciones similares. Hasta entonces, me gustar\u00eda mantenerlo privado por respeto a mi familia y a m\u00ed mismo mientras sigo trabajando en mi salud mental. Pero estoy orgulloso de decir que estoy mucho mejor y mejorando cada d\u00eda&#8221;, agreg\u00f3.<\/p>\n\n\n\n<p class=\"wp-block-paragraph\">El comunicado contin\u00faa con el base espa\u00f1ol repasando su trayectoria en la NBA, que comenz\u00f3 con el draft de 2009 en el que fue elegido en la quinta posici\u00f3n por los Minnesota Timberwolves.<\/p>\n\n\n\n<p class=\"wp-block-paragraph\">&#8220;Qu\u00e9 sue\u00f1o. Despu\u00e9s de jugar 12 a\u00f1os en la liga, con todas sus subidas y bajadas, he coleccionado muchos buenos recuerdos y grandes relaciones. Minesota, Utah, Phoenix y Cleveland. Wow. Gracias!&#8221;, escribi\u00f3.<\/p>\n\n\n\n<p class=\"wp-block-paragraph\">&#8220;Una menci\u00f3n especial para Cleveland. Mi \u00faltimo hogar. S\u00e9 que la manera en que han acabado las cosas ha sido dura. Nunca podr\u00eda haber imaginado que el a\u00f1o se desarrollar\u00eda as\u00ed, pero ten\u00e9is una organizaci\u00f3n incre\u00edble con Koby Altman (m\u00e1nager general) y J. B. Bickerstaff (entrenador), quienes han sido extremadamente respetuosos y comprensivos con mi situaci\u00f3n y cari\u00f1osos conmigo como persona&#8221;, agreg\u00f3.<\/p>\n\n\n\n<p class=\"wp-block-paragraph\">Rubio cerr\u00f3 su escrito con un agradecimiento general: &#8220;Gracias a todos por el amor y el apoyo!&#8221;.<\/p>\n\n\n\n<p class=\"wp-block-paragraph\"><strong>Salida de Cleveland y fin a la NBA&nbsp;<\/strong><\/p>\n\n\n\n<p class=\"wp-block-paragraph\">Adrian Wojnarowski, uno de los periodistas con mejores fuentes en la NBA, asegur\u00f3 en ESPN que &#8220;si Rubio contin\u00faa su carrera profesional, ser\u00e1 probablemente donde empez\u00f3 como un prodigio de 14 a\u00f1os: en su Espa\u00f1a natal&#8221;.<\/p>\n\n\n\n<p class=\"wp-block-paragraph\">El pasado 20 de diciembre, Shams Charania, otro periodista con muy buenas fuentes en la NBA, asegur\u00f3 en el portal The Athletic que el base espa\u00f1ol y los Cavaliers estaban negociando la salida del jugador.<\/p>\n\n\n\n<p class=\"wp-block-paragraph\">Esa salida ten\u00eda que ver con la necesidad de los Cavaliers de hacer nuevos fichajes tras las lesiones de jugadores importantes como Darius Garland o Evan Mobley.<\/p>\n\n\n\n<p class=\"wp-block-paragraph\">Charania sostuvo entonces que no se esperaba que Rubio volviera a jugar esta temporada y que hab\u00eda dudas de si regresar\u00eda a la competici\u00f3n.<\/p>\n\n\n\n<p class=\"wp-block-paragraph\">Rubio firm\u00f3 en 2022 un contrato con los Cavaliers de 18.4 millones de d\u00f3lares por tres a\u00f1os.<\/p>\n\n\n\n<p class=\"wp-block-paragraph\">De 33 a\u00f1os, el base tiene una gran consideraci\u00f3n y respeto por parte del conjunto de Cleveland, al que lleg\u00f3 en 2021 para aportar veteran\u00eda y experiencia a un conjunto con mucho talento joven (Darius Garland, Evan Mobley, Jarrett Allen&#8230;).<\/p>\n\n\n\n<p class=\"wp-block-paragraph\">En diciembre de 2021 se rompi\u00f3 el ligamento cruzado anterior de su rodilla izquierda cuando atravesaba un gran momento de forma.<\/p>\n\n\n\n<p class=\"wp-block-paragraph\">Esta era la misma lesi\u00f3n que hab\u00eda sufrido en 2012 como novato en las filas de los Minnesota Timberwolves.<\/p>\n\n\n\n<p class=\"wp-block-paragraph\">Tras volver a las canchas en enero de 2023, Rubio abandon\u00f3 el pasado agosto la concentraci\u00f3n con Espa\u00f1a para el Mundial de baloncesto para cuidar de su salud mental.<\/p>\n\n\n\n<p class=\"wp-block-paragraph\">Rubio hab\u00eda alcanzado en los \u00faltimos a\u00f1os un extraordinario punto de madurez, seguridad y inspiraci\u00f3n que le permiti\u00f3 ganar el Mundial de China de 2019 con la selecci\u00f3n espa\u00f1ola (fue el MVP del torneo) y ser el m\u00e1ximo anotador de los Juegos Ol\u00edmpicos de Tokio 2020.<\/p>\n\n\n\n<p class=\"wp-block-paragraph\">En la NBA, en cambio, no ha tenido especial fortuna con sus equipos.<\/p>\n\n\n\n<p class=\"wp-block-paragraph\">Pas\u00f3 muchos a\u00f1os en conjuntos con pocas aspiraciones (Minnesota Timberwolves) y sali\u00f3 de otras franquicias justo cuando empezaban a mirar a lo m\u00e1s alto (Utah Jazz y Phoenix Suns) despu\u00e9s de que Rubio fuera fundamental en la consolidaci\u00f3n de esos proyectos.<\/p>\n","protected":false},"excerpt":{"rendered":"<p>Ricky Rubio anunci\u00f3 su retirada de la NBA tras doce temporadas en la liga de baloncesto m\u00e1s prestigiosa del planeta. &#8220;Quer\u00eda publicar hoy este mensaje para vosotros porque mi carrera en la NBA ha llegado a su fin hoy&#8221;, escribi\u00f3 el base espa\u00f1ol en X, la red social antes conocida como Twitter. El comunicado de [&hellip;]<\/p>\n","protected":false},"author":80,"featured_media":294212,"comment_status":"closed","ping_status":"closed","sticky":false,"template":"","format":"standard","meta":{"footnotes":""},"categories":[39],"tags":[],"class_list":["post-294211","post","type-post","status-publish","format-standard","has-post-thumbnail","hentry","category-deportiva"],"_links":{"self":[{"href":"https:\/\/plazajuarez.mx\/historico\/wp-json\/wp\/v2\/posts\/294211","targetHints":{"allow":["GET"]}}],"collection":[{"href":"https:\/\/plazajuarez.mx\/historico\/wp-json\/wp\/v2\/posts"}],"about":[{"href":"https:\/\/plazajuarez.mx\/historico\/wp-json\/wp\/v2\/types\/post"}],"author":[{"embeddable":true,"href":"https:\/\/plazajuarez.mx\/historico\/wp-json\/wp\/v2\/users\/80"}],"replies":[{"embeddable":true,"href":"https:\/\/plazajuarez.mx\/historico\/wp-json\/wp\/v2\/comments?post=294211"}],"version-history":[{"count":0,"href":"https:\/\/plazajuarez.mx\/historico\/wp-json\/wp\/v2\/posts\/294211\/revisions"}],"wp:featuredmedia":[{"embeddable":true,"href":"https:\/\/plazajuarez.mx\/historico\/wp-json\/wp\/v2\/media\/294212"}],"wp:attachment":[{"href":"https:\/\/plazajuarez.mx\/historico\/wp-json\/wp\/v2\/media?parent=294211"}],"wp:term":[{"taxonomy":"category","embeddable":true,"href":"https:\/\/plazajuarez.mx\/historico\/wp-json\/wp\/v2\/categories?post=294211"},{"taxonomy":"post_tag","embeddable":true,"href":"https:\/\/plazajuarez.mx\/historico\/wp-json\/wp\/v2\/tags?post=294211"}],"curies":[{"name":"wp","href":"https:\/\/api.w.org\/{rel}","templated":true}]}}