{"id":29415,"date":"2016-10-03T12:04:28","date_gmt":"2016-10-03T12:04:28","guid":{"rendered":"http:\/\/plazajuarez.mx\/index\/index.php\/2016\/10\/03\/despiden-a-16-personas-en-la-ciudad-de-las-mujeres\/"},"modified":"2016-10-03T12:04:28","modified_gmt":"2016-10-03T12:04:28","slug":"despiden-a-16-personas-en-la-ciudad-de-las-mujeres","status":"publish","type":"post","link":"https:\/\/plazajuarez.mx\/historico\/despiden-a-16-personas-en-la-ciudad-de-las-mujeres\/","title":{"rendered":"Despiden a 16 personas en la Ciudad de las Mujeres"},"content":{"rendered":"<p>TEPEJI DEL R\u00cdO <\/p>\n<p>*Las hicieron trabajar \u201cgratis\u201d un mes y medio en el proyecto que inaugur\u00f3 recientemente el presidente de la Rep\u00fablica, Enrique Pe\u00f1a Nieto <\/p>\n<p>  <!--more-->  <\/p>\n<p>Despiden y sin pago de mes y medio de trabajo a 16 mujeres que laboran en la Ciudad de las Mujeres, espacio en el que se recalc\u00f3, durante la inauguraci\u00f3n, que ah\u00ed el sector femenino conocer\u00eda lo que es el empoderamiento para defender sus derechos ante cualquier arbitrariedad.<br \/>Las mujeres provenientes de diferentes localidades del estado, se dijeron lastimadas y usadas, ya que durante mes y medio brindaron sus servicios en el inmueble que fue inaugurado a principios del mes de septiembre por el presidente de la rep\u00fablica Enrique Pe\u00f1a Nieto y el ex gobernador Francisco Olvera Ruiz y que ahora simplemente se les dice que est\u00e1n despedidas y que no se les va pagar su salario, ya que no se encuentran dadas de alta en el sistema de n\u00f3mina gubernamental.<br \/>Entre las despedidas que por temor a represalias pidieron omitir su identidad, se encuentran mujeres embarazadas y jefas de familia, por lo que piden al gobernador se reconsidere la situaci\u00f3n, ya que muchas hicieron gastos para cambiar su lugar de residencia y consiguieron dinero para subsistir durante el mes y medio que trabajaron sin recibir su salario y ahora simplemente se les corre sin dar mayor explicaci\u00f3n.<br \/>Se\u00f1alaron que en la Ciudad de las Mujeres se hab\u00eda dicho aprender\u00edan a defender sus derechos y a valorar el papel que las mujeres tienen ante la sociedad, por lo que no entienden c\u00f3mo es que son violentadas por la misma dependencia que se supone es el \u00e1rea encargada de dar ejemplo de respeto no s\u00f3lo al g\u00e9nero sino a los derechos humanos.<br \/>Por \u00faltimo pidieron a las autoridades del\u00a0 Instituto para el Desarrollo Integra de la Familia en Hidalgo (DIFH), as\u00ed como a la dependencia\u00a0 nacional que tomen cartas en el asunto, adem\u00e1s de que aprovecharon para denunciar que se est\u00e1 contratando al personal por favores pol\u00edticos sin importar que no re\u00fanen el perfil para formar parte de las \u00e1reas que habr\u00e1n de orientar a las mujeres que acuden al lugar principalmente por problemas emocionales y de violencia.<\/p>\n","protected":false},"excerpt":{"rendered":"<p>TEPEJI DEL R\u00cdO *Las hicieron trabajar \u201cgratis\u201d un mes y medio en el proyecto que inaugur\u00f3 recientemente el presidente de la Rep\u00fablica, Enrique Pe\u00f1a Nieto<\/p>\n","protected":false},"author":93,"featured_media":0,"comment_status":"open","ping_status":"open","sticky":false,"template":"","format":"standard","meta":{"footnotes":""},"categories":[40],"tags":[],"class_list":["post-29415","post","type-post","status-publish","format-standard","hentry","category-region"],"_links":{"self":[{"href":"https:\/\/plazajuarez.mx\/historico\/wp-json\/wp\/v2\/posts\/29415","targetHints":{"allow":["GET"]}}],"collection":[{"href":"https:\/\/plazajuarez.mx\/historico\/wp-json\/wp\/v2\/posts"}],"about":[{"href":"https:\/\/plazajuarez.mx\/historico\/wp-json\/wp\/v2\/types\/post"}],"author":[{"embeddable":true,"href":"https:\/\/plazajuarez.mx\/historico\/wp-json\/wp\/v2\/users\/93"}],"replies":[{"embeddable":true,"href":"https:\/\/plazajuarez.mx\/historico\/wp-json\/wp\/v2\/comments?post=29415"}],"version-history":[{"count":0,"href":"https:\/\/plazajuarez.mx\/historico\/wp-json\/wp\/v2\/posts\/29415\/revisions"}],"wp:attachment":[{"href":"https:\/\/plazajuarez.mx\/historico\/wp-json\/wp\/v2\/media?parent=29415"}],"wp:term":[{"taxonomy":"category","embeddable":true,"href":"https:\/\/plazajuarez.mx\/historico\/wp-json\/wp\/v2\/categories?post=29415"},{"taxonomy":"post_tag","embeddable":true,"href":"https:\/\/plazajuarez.mx\/historico\/wp-json\/wp\/v2\/tags?post=29415"}],"curies":[{"name":"wp","href":"https:\/\/api.w.org\/{rel}","templated":true}]}}