{"id":29414,"date":"2016-10-03T12:03:53","date_gmt":"2016-10-03T12:03:53","guid":{"rendered":"http:\/\/plazajuarez.mx\/index\/index.php\/2016\/10\/03\/pondran-en-marcha-el-dia-del-emprendedor\/"},"modified":"2016-10-03T12:03:53","modified_gmt":"2016-10-03T12:03:53","slug":"pondran-en-marcha-el-dia-del-emprendedor","status":"publish","type":"post","link":"https:\/\/plazajuarez.mx\/historico\/pondran-en-marcha-el-dia-del-emprendedor\/","title":{"rendered":"Pondr\u00e1n en marcha el D\u00eda del Emprendedor"},"content":{"rendered":"<p>ACTOPAN<\/p>\n<p>*Se realizar\u00e1 el pr\u00f3ximo viernes siete de octubre, y tendr\u00e1 el objetivo de brindar conocimiento para que la sociedad inicie sus propios proyectos <br \/>\u00a0<\/p>\n<p>  <!--more-->  <\/p>\n<p>El presidente municipal de Actopan, H\u00e9ctor Cruz Olgu\u00edn, realizar\u00e1 una actividad en la\u00a0 cual la ciudadan\u00eda podr\u00e1 tener acceso a bases de datos de conocimientos, que les permitir\u00e1n sacar el mayor provecho de sus propias habilidades e iniciar sus proyectos productivos. <br \/>\u201cSe trata del D\u00eda del Emprendedor, que tendr\u00e1 lugar el pr\u00f3ximo viernes siete de octubre, de 10 am a seis de la tarde, en las instalaciones de la Presidencia Municipal de Actopan\u201d, inform\u00f3 el alcalde, quien explic\u00f3, que los emprendedores, los universitarios, los empresarios, los comerciantes y toda la gente de Actopan tenga las herramientas para emprender nuevos proyectos que les permitan potencializar sus talentos propios y as\u00ed lograr m\u00e1s oportunidades econ\u00f3micas.<br \/>\u201cEs con el mayor inter\u00e9s de crear oportunidades para todas la gente Actopan, el Gobierno de la Gente ha innovado, al convertirse en punto de transmisi\u00f3n de la Semana Nacional del Emprendedor, que organiza el Gobierno de la Rep\u00fablica\u201d.<br \/>Agreg\u00f3, queel resultado de esta vinculaci\u00f3n es el D\u00eda del Emprendedor, en el cual toda la gente podr\u00e1 tener acceso a bases de datos de conocimientos, que les permitir\u00e1n sacar el mayor provecho de sus propias habilidades. <\/p>\n","protected":false},"excerpt":{"rendered":"<p>ACTOPAN *Se realizar\u00e1 el pr\u00f3ximo viernes siete de octubre, y tendr\u00e1 el objetivo de brindar conocimiento para que la sociedad inicie sus propios proyectos \u00a0<\/p>\n","protected":false},"author":93,"featured_media":0,"comment_status":"open","ping_status":"open","sticky":false,"template":"","format":"standard","meta":{"footnotes":""},"categories":[40],"tags":[],"class_list":["post-29414","post","type-post","status-publish","format-standard","hentry","category-region"],"_links":{"self":[{"href":"https:\/\/plazajuarez.mx\/historico\/wp-json\/wp\/v2\/posts\/29414","targetHints":{"allow":["GET"]}}],"collection":[{"href":"https:\/\/plazajuarez.mx\/historico\/wp-json\/wp\/v2\/posts"}],"about":[{"href":"https:\/\/plazajuarez.mx\/historico\/wp-json\/wp\/v2\/types\/post"}],"author":[{"embeddable":true,"href":"https:\/\/plazajuarez.mx\/historico\/wp-json\/wp\/v2\/users\/93"}],"replies":[{"embeddable":true,"href":"https:\/\/plazajuarez.mx\/historico\/wp-json\/wp\/v2\/comments?post=29414"}],"version-history":[{"count":0,"href":"https:\/\/plazajuarez.mx\/historico\/wp-json\/wp\/v2\/posts\/29414\/revisions"}],"wp:attachment":[{"href":"https:\/\/plazajuarez.mx\/historico\/wp-json\/wp\/v2\/media?parent=29414"}],"wp:term":[{"taxonomy":"category","embeddable":true,"href":"https:\/\/plazajuarez.mx\/historico\/wp-json\/wp\/v2\/categories?post=29414"},{"taxonomy":"post_tag","embeddable":true,"href":"https:\/\/plazajuarez.mx\/historico\/wp-json\/wp\/v2\/tags?post=29414"}],"curies":[{"name":"wp","href":"https:\/\/api.w.org\/{rel}","templated":true}]}}