{"id":29410,"date":"2016-10-03T11:59:20","date_gmt":"2016-10-03T11:59:20","guid":{"rendered":"http:\/\/plazajuarez.mx\/index\/index.php\/2016\/10\/03\/se-requiere-modernizar-al-gobierno-omar-fayad\/"},"modified":"2016-10-03T11:59:20","modified_gmt":"2016-10-03T11:59:20","slug":"se-requiere-modernizar-al-gobierno-omar-fayad","status":"publish","type":"post","link":"https:\/\/plazajuarez.mx\/historico\/se-requiere-modernizar-al-gobierno-omar-fayad\/","title":{"rendered":"&#8220;Se requiere modernizar al gobierno&#8221;: Omar Fayad"},"content":{"rendered":"<p>PARA SER M\u00c1S EFICIENTES <br \/>\u25cf\u00a0\u00a0\u00a0 El gobernador detall\u00f3 que para la modernizaci\u00f3n, es necesario terminar con los ajustes al interior de gobierno, todo ello despu\u00e9s del an\u00e1lisis respecto a gastos de las depende ocas en cuanto a gasolina, veh\u00edculos, telefon\u00eda, con el prop\u00f3sito de hacer recortes y generar econom\u00edas que permitan dotar de los aspectos urgentes<\/p>\n<p>  <!--more-->  <\/p>\n<p>&#8220;Se requiere modernizar al gobierno para que sea m\u00e1s eficiente, necesita tecnolog\u00eda, automatizaci\u00f3n y sistematizaci\u00f3n&#8221;, puntualiz\u00f3 el mandatario estatal Omar Fayad Meneses, lo anterior derivado de las visitas sorpresa realizadas a diferentes dependencias de gobierno del estado.<br \/>Ejemplific\u00f3 que en su recorrido por el Hospital Obst\u00e9trico, el equipo cumpli\u00f3 su vida \u00fatil y es urgente la implementaci\u00f3n de nuevo y de vanguardia, en ese sentido se comprometi\u00f3 para dotarlo en menos de un mes, de dos ultrason\u00f3grafos y un equipo de esterilizaci\u00f3n.<br \/>Siguiendo con el tema de salud, el ejecutivo estatal adelant\u00f3 que el actual Director del Hospital General de Pachuca, ser\u00e1 nombrado como coordinador de brigadas m\u00e9dicas y responsable de un programa, que est\u00e1 en planeaci\u00f3n y organizaci\u00f3n, que tendr\u00e1 como objetivo principal abatir los \u00edndices de muerte materno infantil\u00a0 en comunidades ind\u00edgenas.<br \/>Detall\u00f3 que para la modernizaci\u00f3n, es necesario terminar con los ajustes al interior de gobierno, todo ello despu\u00e9s del an\u00e1lisis respecto a gastos de las depende ocas en cuanto a gasolina, veh\u00edculos, telefon\u00eda, con el prop\u00f3sito de hacer recortes y generar econom\u00edas que permitan dotar de los aspectos urgentes.<br \/>En tanto, en el tema del sistema de transporte masivo Tuzob\u00fas, puntualiz\u00f3 que en breve ser\u00e1n anunciados los resultados del estudio realizado, bas\u00e1ndose en tres propuestas, que refieren a modificaciones sencillas, modificaciones profundas y decisiones dr\u00e1sticas.<br \/>&#8220;Ya est\u00e1 pr\u00e1cticamente listo el estudio, pronto se dar\u00e1n a conocer las alternativas de soluci\u00f3n, hemos estado platicando con la gente en las colonias de c\u00f3mo corregir rutas y las sugerencias las he pasado a Rufino Le\u00f3n, secretario de movilidad&#8221;, dijo.<\/p>\n","protected":false},"excerpt":{"rendered":"<p>PARA SER M\u00c1S EFICIENTES \u25cf\u00a0\u00a0\u00a0 El gobernador detall\u00f3 que para la modernizaci\u00f3n, es necesario terminar con los ajustes al interior de gobierno, todo ello despu\u00e9s del an\u00e1lisis respecto a gastos de las depende ocas en cuanto a gasolina, veh\u00edculos, telefon\u00eda, con el prop\u00f3sito de hacer recortes y generar econom\u00edas que permitan dotar de los aspectos [&hellip;]<\/p>\n","protected":false},"author":93,"featured_media":0,"comment_status":"open","ping_status":"open","sticky":false,"template":"","format":"standard","meta":{"footnotes":""},"categories":[59],"tags":[],"class_list":["post-29410","post","type-post","status-publish","format-standard","hentry","category-general"],"_links":{"self":[{"href":"https:\/\/plazajuarez.mx\/historico\/wp-json\/wp\/v2\/posts\/29410","targetHints":{"allow":["GET"]}}],"collection":[{"href":"https:\/\/plazajuarez.mx\/historico\/wp-json\/wp\/v2\/posts"}],"about":[{"href":"https:\/\/plazajuarez.mx\/historico\/wp-json\/wp\/v2\/types\/post"}],"author":[{"embeddable":true,"href":"https:\/\/plazajuarez.mx\/historico\/wp-json\/wp\/v2\/users\/93"}],"replies":[{"embeddable":true,"href":"https:\/\/plazajuarez.mx\/historico\/wp-json\/wp\/v2\/comments?post=29410"}],"version-history":[{"count":0,"href":"https:\/\/plazajuarez.mx\/historico\/wp-json\/wp\/v2\/posts\/29410\/revisions"}],"wp:attachment":[{"href":"https:\/\/plazajuarez.mx\/historico\/wp-json\/wp\/v2\/media?parent=29410"}],"wp:term":[{"taxonomy":"category","embeddable":true,"href":"https:\/\/plazajuarez.mx\/historico\/wp-json\/wp\/v2\/categories?post=29410"},{"taxonomy":"post_tag","embeddable":true,"href":"https:\/\/plazajuarez.mx\/historico\/wp-json\/wp\/v2\/tags?post=29410"}],"curies":[{"name":"wp","href":"https:\/\/api.w.org\/{rel}","templated":true}]}}