{"id":29409,"date":"2016-10-03T11:59:23","date_gmt":"2016-10-03T11:59:23","guid":{"rendered":"http:\/\/plazajuarez.mx\/index\/index.php\/2016\/10\/03\/presentan-el-patronato-del-sistema-dif-hidalgo\/"},"modified":"2016-10-03T11:59:23","modified_gmt":"2016-10-03T11:59:23","slug":"presentan-el-patronato-del-sistema-dif-hidalgo","status":"publish","type":"post","link":"https:\/\/plazajuarez.mx\/historico\/presentan-el-patronato-del-sistema-dif-hidalgo\/","title":{"rendered":"Presentan el Patronato del Sistema DIF Hidalgo"},"content":{"rendered":"<p>Omar Fayad y Victoria Ruffo <br \/>En reuni\u00f3n previa a la presentaci\u00f3n oficial, el Gobernador tom\u00f3 protesta y exhort\u00f3 a cada uno de los nuevos integrantes, a conducirse siempre con calidez humana<\/p>\n<p>  <!--more-->  <\/p>\n<p>\u201cMi mayor compromiso en la nueva encomienda que inicio, es luchar para mejorar las condiciones de vida de quien m\u00e1s lo necesita y trabajar en favor de quien menos tiene; por ello, es que en el Sistema DIF Hidalgo atender\u00e1 a todos los grupos vulnerables, sobre todo a los ni\u00f1os; los adultos mayores; mujeres y personas con discapacidad, quienes encontrar\u00e1n en este organismo, calidez, cercan\u00eda y apoyo\u201d, afirm\u00f3 la presidenta del reci\u00e9n nombrado patronato, Victoria Ruffo de Fayad.<\/p>\n<p>Ante los trabajadores que conforman el Sistema para el Desarrollo Integral de la Familia en la entidad, Omar Fayad y Victoria Ruffo designaron y presentaron, respectivamente, los servidores p\u00fablicos y miembros destacados de la sociedad civil hidalguense, que a partir del pasado viernes, forman parte como miembros honorarios del Patronato del Sistema DIF Hidalgo.<\/p>\n<p>En reuni\u00f3n previa a la presentaci\u00f3n oficial, el Gobernador tom\u00f3 protesta y exhort\u00f3 a cada uno de los nuevos integrantes, a conducirse siempre con calidez humana y compromiso en esta encomienda tan noble que demanda el DIF estatal, &#8220;ya que es aqu\u00ed donde damos atenci\u00f3n a los grupos m\u00e1s vulnerables y necesitados de nuestro estado&#8221;.<\/p>\n<p>Destac\u00f3 el inter\u00e9s de su administraci\u00f3n en materia de asistencia social, &#8220;de dedicarse de lleno, de fondo, con pasi\u00f3n y esfuerzo para llevar a cabo las acciones necesarias que fortalezcan la atenci\u00f3n y el desarrollo de los sectores que m\u00e1s lo necesitan&#8221;.<\/p>\n<p>En su mensaje, el gobernador dio a conocer que el trabajo que se emprend\u00eda desde el Sistema DIFH respecto a los derechos de las mujeres, as\u00ed como de la perspectiva y la equidad de g\u00e9nero, a partir de esta administraci\u00f3n ser\u00e1 responsabilidad del Instituto Hidalguense de las Mujeres, por lo que instruy\u00f3 a la directora Patricia Gonz\u00e1lez, a coordinarse con la titular de esta dependencia, Mar\u00eda Concepci\u00f3n Hern\u00e1ndez, para hacer la labor de adhesi\u00f3n correspondiente.<\/p>\n<p>Por su parte la Presidenta del Patronato del Sistema DIF Estatal, refrend\u00f3 su compromiso de trabajar para los sectores m\u00e1s vulnerables y exhort\u00f3 a todos los trabajadores de este organismo, a sumarse a las acciones que el Gobernador del estado emprende en favor de las familias que m\u00e1s lo necesitan.<\/p>\n<p>Victoria Ruffo present\u00f3 a cada uno de los nuevos miembros del patronato, el cual qued\u00f3 configurado de la siguiente manera:<\/p>\n<p>Juan Carlos Mart\u00ednez Dom\u00ednguez, secretario; Francisco Valle Gasca, tesorero; como vocales, Delia Jessica Blancas Hidalgo, Marco Antonio Escamilla Acosta, Sayonara Vargas Rodr\u00edguez, Jos\u00e9 Luis Robledo L\u00f3pez, Gabriela Mendoza \u00c1lvarez, Magdalena Mendoza Butr\u00f3n, Sergio Ba\u00f1os Rubio, Juan Antonio Hern\u00e1ndez Venegas, Citlali Jaramillo Ram\u00edrez; Daniel Rolando Jim\u00e9nez Rojo, como representante ante el patronato como presidente de la Junta de Gobierno; y Juan Carlos Badillo Trejo, como pro secretario.<\/p>\n","protected":false},"excerpt":{"rendered":"<p>Omar Fayad y Victoria Ruffo En reuni\u00f3n previa a la presentaci\u00f3n oficial, el Gobernador tom\u00f3 protesta y exhort\u00f3 a cada uno de los nuevos integrantes, a conducirse siempre con calidez humana<\/p>\n","protected":false},"author":93,"featured_media":0,"comment_status":"open","ping_status":"open","sticky":false,"template":"","format":"standard","meta":{"footnotes":""},"categories":[59],"tags":[],"class_list":["post-29409","post","type-post","status-publish","format-standard","hentry","category-general"],"_links":{"self":[{"href":"https:\/\/plazajuarez.mx\/historico\/wp-json\/wp\/v2\/posts\/29409","targetHints":{"allow":["GET"]}}],"collection":[{"href":"https:\/\/plazajuarez.mx\/historico\/wp-json\/wp\/v2\/posts"}],"about":[{"href":"https:\/\/plazajuarez.mx\/historico\/wp-json\/wp\/v2\/types\/post"}],"author":[{"embeddable":true,"href":"https:\/\/plazajuarez.mx\/historico\/wp-json\/wp\/v2\/users\/93"}],"replies":[{"embeddable":true,"href":"https:\/\/plazajuarez.mx\/historico\/wp-json\/wp\/v2\/comments?post=29409"}],"version-history":[{"count":0,"href":"https:\/\/plazajuarez.mx\/historico\/wp-json\/wp\/v2\/posts\/29409\/revisions"}],"wp:attachment":[{"href":"https:\/\/plazajuarez.mx\/historico\/wp-json\/wp\/v2\/media?parent=29409"}],"wp:term":[{"taxonomy":"category","embeddable":true,"href":"https:\/\/plazajuarez.mx\/historico\/wp-json\/wp\/v2\/categories?post=29409"},{"taxonomy":"post_tag","embeddable":true,"href":"https:\/\/plazajuarez.mx\/historico\/wp-json\/wp\/v2\/tags?post=29409"}],"curies":[{"name":"wp","href":"https:\/\/api.w.org\/{rel}","templated":true}]}}