{"id":29407,"date":"2016-10-03T11:59:16","date_gmt":"2016-10-03T11:59:16","guid":{"rendered":"http:\/\/plazajuarez.mx\/index\/index.php\/2016\/10\/03\/festejan-el-xxv-aniversario-del-cecyte-con-la-presencia-de-jose-hernandez-moreno\/"},"modified":"2016-10-03T11:59:16","modified_gmt":"2016-10-03T11:59:16","slug":"festejan-el-xxv-aniversario-del-cecyte-con-la-presencia-de-jose-hernandez-moreno","status":"publish","type":"post","link":"https:\/\/plazajuarez.mx\/historico\/festejan-el-xxv-aniversario-del-cecyte-con-la-presencia-de-jose-hernandez-moreno\/","title":{"rendered":"Festejan el XXV Aniversario del CECyTE con la presencia de Jos\u00e9 Hern\u00e1ndez Moreno"},"content":{"rendered":"<p>El festejo tuvo como sede Pachuca, con la participaci\u00f3n de Rodolfo Tuir\u00e1n, Sayonara Vargas, y el ex astronauta de la NASA de origen mexicano<\/p>\n<p>  <!--more-->  <\/p>\n<p>El subsecretario de Educaci\u00f3n Media Superior de la Secretar\u00eda de Educaci\u00f3n P\u00fablica federal (SEP), Rodolfo Tuir\u00e1n Guti\u00e9rrez, la secretaria de Educaci\u00f3n P\u00fablica de Hidalgo, Sayonara Vargas Rodr\u00edguez, y el ex astronauta de la NASA, de origen mexicano, Jos\u00e9 Hern\u00e1ndez Moreno, participaron como conferencistas, en el marco de la celebraci\u00f3n del XXV Aniversario del Colegio de Estudios Cient\u00edficos y Tecnol\u00f3gicos (CECyTE) en los estados, que tuvo como sede Pachuca.<\/p>\n<p>Durante su conferencia \u201cDesaf\u00edos de la Educaci\u00f3n Media Superior, balance a la mitad del camino\u201d, el subsecretario Rodolfo Tuir\u00e1n Guti\u00e9rrez, manifest\u00f3 que el reto es brindar servicios educativos con calidad y equidad, en el marco del mandato constitucional que establece desde el 2012, la obligatoriedad de la Educaci\u00f3n Media Superior. <\/p>\n<p>Rodolfo Tuir\u00e1n indic\u00f3 que el abandono escolar, en estos \u00faltimos tres a\u00f1os, se redujo del 15 por ciento al 12.6 por ciento. Resalt\u00f3 la creaci\u00f3n de la Estrategia Nacional de Formaci\u00f3n Continua de la Educaci\u00f3n Media Superior en la que est\u00e1n inscritos 62 mil docentes, as\u00ed como el incremento, del 34 al 61 por ciento del trabajo colegiado frecuente en el pa\u00eds.<\/p>\n<p>Por su parte, la secretaria de Educaci\u00f3n P\u00fablica de Hidalgo, Sayonara Vargas Rodr\u00edguez, en su conferencia \u201cConstruyendo bases y cimientos\u201d, puntualiz\u00f3 que a 25 a\u00f1os de su fundaci\u00f3n, el CECyTE, es muestra de que s\u00ed se pueden hacer bien las cosas.<\/p>\n<p>Quien fuera coordinadora nacional de CECyTE, llam\u00f3 a consolidar mucho del trabajo que se ha logrado en los mil 156 planteles que existen en el pa\u00eds, y a seguir construyendo en la ruta de la mejor\u00eda. <\/p>\n<p>Este intercambio de experiencias culmin\u00f3 con la conferencia \u201dAlcanzando las estrellas\u201d, del ex astronauta, ingeniero y empresario Jos\u00e9 Hern\u00e1ndez Moreno, quien asegur\u00f3 que se vale so\u00f1ar en grande, pues los sue\u00f1os y las metas deseadas se pueden convertir en realidad con preparaci\u00f3n y perseverancia.<\/p>\n<p>Comparti\u00f3 c\u00f3mo \u00e9l, siendo hijo de campesinos mexicanos migrantes, con quienes trabaj\u00f3 en labores de recolecci\u00f3n de frutas y verduras en California cuando era ni\u00f1o, luego de doce intentos logr\u00f3 que la NASA lo aceptara en el 2004 como parte de su generaci\u00f3n de 19 de astronautas, y as\u00ed, tras un intenso entrenamiento participar en 2009 en una misi\u00f3n durante 14 d\u00edas en la Estaci\u00f3n Espacial Internacional.\u00a0\u00a0\u00a0 <\/p>\n","protected":false},"excerpt":{"rendered":"<p>El festejo tuvo como sede Pachuca, con la participaci\u00f3n de Rodolfo Tuir\u00e1n, Sayonara Vargas, y el ex astronauta de la NASA de origen mexicano<\/p>\n","protected":false},"author":93,"featured_media":0,"comment_status":"open","ping_status":"open","sticky":false,"template":"","format":"standard","meta":{"footnotes":""},"categories":[59],"tags":[],"class_list":["post-29407","post","type-post","status-publish","format-standard","hentry","category-general"],"_links":{"self":[{"href":"https:\/\/plazajuarez.mx\/historico\/wp-json\/wp\/v2\/posts\/29407","targetHints":{"allow":["GET"]}}],"collection":[{"href":"https:\/\/plazajuarez.mx\/historico\/wp-json\/wp\/v2\/posts"}],"about":[{"href":"https:\/\/plazajuarez.mx\/historico\/wp-json\/wp\/v2\/types\/post"}],"author":[{"embeddable":true,"href":"https:\/\/plazajuarez.mx\/historico\/wp-json\/wp\/v2\/users\/93"}],"replies":[{"embeddable":true,"href":"https:\/\/plazajuarez.mx\/historico\/wp-json\/wp\/v2\/comments?post=29407"}],"version-history":[{"count":0,"href":"https:\/\/plazajuarez.mx\/historico\/wp-json\/wp\/v2\/posts\/29407\/revisions"}],"wp:attachment":[{"href":"https:\/\/plazajuarez.mx\/historico\/wp-json\/wp\/v2\/media?parent=29407"}],"wp:term":[{"taxonomy":"category","embeddable":true,"href":"https:\/\/plazajuarez.mx\/historico\/wp-json\/wp\/v2\/categories?post=29407"},{"taxonomy":"post_tag","embeddable":true,"href":"https:\/\/plazajuarez.mx\/historico\/wp-json\/wp\/v2\/tags?post=29407"}],"curies":[{"name":"wp","href":"https:\/\/api.w.org\/{rel}","templated":true}]}}