{"id":29405,"date":"2016-10-02T05:58:28","date_gmt":"2016-10-02T05:58:28","guid":{"rendered":"http:\/\/plazajuarez.mx\/index\/index.php\/2016\/10\/02\/cheran-la-frontera-de-la-desesperanza\/"},"modified":"2016-10-02T05:58:28","modified_gmt":"2016-10-02T05:58:28","slug":"cheran-la-frontera-de-la-desesperanza","status":"publish","type":"post","link":"https:\/\/plazajuarez.mx\/historico\/cheran-la-frontera-de-la-desesperanza\/","title":{"rendered":"Cher\u00e1n, la frontera de la desesperanza"},"content":{"rendered":"<p>HOMO POLITICUS<\/p>\n<p>  <!--more-->  <\/p>\n<p>S\u00f3lo existen dos reacciones posibles ante la desesperanza.<br \/>\u00a0<br \/>Cher\u00e1n es una comunidad en Michoac\u00e1n que sistem\u00e1ticamente ha sido saqueada por taladores, que provocaron desolaci\u00f3n y muerte.<br \/>\u00a0<br \/>Ante la carencia de respuesta de las autoridades, los habitantes de Cher\u00e1n se armaron de valor y enfrentaron a las mafias de talamontes, no sin un costo social, no sin muerte, pero han logrado generar un autogobierno por usos y costumbres, que ha depurado las anomias y las infamias que les pon\u00edan el pie al cuello.<br \/>\u00a0<br \/>Esta forma de autogobierno en vez de ser pensada como una innovadora forma de conducci\u00f3n social, no es otra cosa que una respuesta desesperada de esta comunidad que enuncia los vac\u00edos de poder y ausencia del gobierno que pudiera defender no s\u00f3lo su patrimonio, sino el patrimonio de M\u00e9xico.<br \/>\u00a0<br \/>Los abusos que han sufrido los pobladores de Cher\u00e1n son inenarrables; muchos de sus habitantes recuerdan a alg\u00fan familiar asesinado por las mafias de Talamontes, muchos de ellos recuerdan que sus tierras les fueron arrebatadas en una realidad cruenta, por ello se unieron e hicieron frente con valent\u00eda in\u00e9dita a las mafias que asolaban su pueblo.<br \/>\u00a0<br \/>Hoy en Cher\u00e1n los partidos pol\u00edticos no tienen presencia, las autoridades no tienen presencia, al menos no las que provienen de la clase pol\u00edtica, as\u00ed como tampoco existe la presencia de un gobierno \u201cformalmente instituido\u201d, \u00bfpara qu\u00e9?, si los gobiernos formales son en esencia la descomposici\u00f3n org\u00e1nica, \u00bfpara qu\u00e9?, si los pol\u00edticos en su mayor\u00eda son corruptos e inoperantes.<br \/>\u00a0<br \/>Cher\u00e1n no puede causarnos orgullo, es la respuesta desesperada y extrema de un pueblo que no fue atendido, que no se le escuch\u00f3 y que no le import\u00f3 al gobierno.<br \/>\u00a0<br \/>\u00bfCu\u00e1ntos Cher\u00e1n ser\u00e1n necesarios para que el Estado mexicano asuma su responsabilidad y depure los estragos y desigualdades que hoy existen en el pa\u00eds?, esperemos que no tengamos que ver a los pericos mamar antes que esto suceda.<\/p>\n","protected":false},"excerpt":{"rendered":"<p>HOMO POLITICUS<\/p>\n","protected":false},"author":93,"featured_media":0,"comment_status":"open","ping_status":"open","sticky":false,"template":"","format":"standard","meta":{"footnotes":""},"categories":[42],"tags":[],"class_list":["post-29405","post","type-post","status-publish","format-standard","hentry","category-nuestrapalabra"],"_links":{"self":[{"href":"https:\/\/plazajuarez.mx\/historico\/wp-json\/wp\/v2\/posts\/29405","targetHints":{"allow":["GET"]}}],"collection":[{"href":"https:\/\/plazajuarez.mx\/historico\/wp-json\/wp\/v2\/posts"}],"about":[{"href":"https:\/\/plazajuarez.mx\/historico\/wp-json\/wp\/v2\/types\/post"}],"author":[{"embeddable":true,"href":"https:\/\/plazajuarez.mx\/historico\/wp-json\/wp\/v2\/users\/93"}],"replies":[{"embeddable":true,"href":"https:\/\/plazajuarez.mx\/historico\/wp-json\/wp\/v2\/comments?post=29405"}],"version-history":[{"count":0,"href":"https:\/\/plazajuarez.mx\/historico\/wp-json\/wp\/v2\/posts\/29405\/revisions"}],"wp:attachment":[{"href":"https:\/\/plazajuarez.mx\/historico\/wp-json\/wp\/v2\/media?parent=29405"}],"wp:term":[{"taxonomy":"category","embeddable":true,"href":"https:\/\/plazajuarez.mx\/historico\/wp-json\/wp\/v2\/categories?post=29405"},{"taxonomy":"post_tag","embeddable":true,"href":"https:\/\/plazajuarez.mx\/historico\/wp-json\/wp\/v2\/tags?post=29405"}],"curies":[{"name":"wp","href":"https:\/\/api.w.org\/{rel}","templated":true}]}}