{"id":29402,"date":"2016-10-02T05:56:16","date_gmt":"2016-10-02T05:56:16","guid":{"rendered":"http:\/\/plazajuarez.mx\/index\/index.php\/2016\/10\/02\/sin-sentido\/"},"modified":"2016-10-02T05:56:16","modified_gmt":"2016-10-02T05:56:16","slug":"sin-sentido","status":"publish","type":"post","link":"https:\/\/plazajuarez.mx\/historico\/sin-sentido\/","title":{"rendered":"Sin sentido"},"content":{"rendered":"<p>Historias de Bur\u00f3 <\/p>\n<p>  <!--more-->  <\/p>\n<p>Hab\u00eda visto a la gente pasar desde aquel rinc\u00f3n, indiferente siempre a mi dolor, mi ropa haraposa, mi olor desagradable, no hac\u00edan m\u00e1s que alejar a todo aquel que sin darse cuenta caminaba cerca de m\u00ed.<br \/>Odie a mi madre que me abandon\u00f3 aun siendo un ni\u00f1o, por irse con aquel hombre que la golpeaba y obligaba a prostituirse, yo era un estorbo para ellos. Odi\u00e9 a mi padre que al enterarse de los enga\u00f1os de mi madre tom\u00f3 una pistola y se dispar\u00f3 en la cabeza un d\u00eda mientras yo dorm\u00eda.<br \/>El recuerdo tormentoso de una infancia cruel nunca me abandon\u00f3 hasta mi vejez, so\u00f1aba de repente que lograba rehacer mi vida con aquella chica de la que una vez me enamor\u00e9, esa mujer de enormes ojos negros y piel canela que ve\u00eda en el mercado cuando era yo un adolescente, acompa\u00f1ada siempre de su madre se dispon\u00edan a realizar las compras pertinentes, y yo un simple cargador pod\u00eda seguirla en su recorrido sin que se diera cuenta.<br \/>El d\u00eda que ella muri\u00f3 mi coraz\u00f3n se muri\u00f3 con ella, atravesaba la avenida y una camioneta perdi\u00f3 el control y la aplast\u00f3 contra el muro de una casa vecina. Pude tenerla entre mis brazos cuando me aventur\u00e9 a sacar su cuerpo destrozado, sus ojos me vieron por primera y \u00faltima vez estando ya estaba muerta.<br \/>Nunca dej\u00e9 de pensar en ella, aun cuando a mis 25 a\u00f1os me cas\u00e9 con una ni\u00f1a de 17 que conoc\u00ed en un baile, obligado por sus padres nos fuimos a vivir a un peque\u00f1o cuarto en una vecindad, lugar por donde tres a\u00f1os vivimos cuidando a nuestros dos hijos varones. Despu\u00e9s la abandon\u00e9 y con ella a mis hijos. Molesto por la mala calidad de vida que pod\u00eda ofrecerles.<br \/>20 a\u00f1os despu\u00e9s los vi, totalmente realizados y felices encontraron su equilibrio en el mundo. Seg\u00fan s\u00e9, yo no existo o estoy muerto.<br \/>Mi cobard\u00eda me llev\u00f3 a perder a mi familia, me llev\u00f3 a mi ruina, al vicio y a vagar por las calles de la ciudad en un mundo sin sentido.<\/p>\n","protected":false},"excerpt":{"rendered":"<p>Historias de Bur\u00f3<\/p>\n","protected":false},"author":93,"featured_media":0,"comment_status":"open","ping_status":"open","sticky":false,"template":"","format":"standard","meta":{"footnotes":""},"categories":[42],"tags":[],"class_list":["post-29402","post","type-post","status-publish","format-standard","hentry","category-nuestrapalabra"],"_links":{"self":[{"href":"https:\/\/plazajuarez.mx\/historico\/wp-json\/wp\/v2\/posts\/29402","targetHints":{"allow":["GET"]}}],"collection":[{"href":"https:\/\/plazajuarez.mx\/historico\/wp-json\/wp\/v2\/posts"}],"about":[{"href":"https:\/\/plazajuarez.mx\/historico\/wp-json\/wp\/v2\/types\/post"}],"author":[{"embeddable":true,"href":"https:\/\/plazajuarez.mx\/historico\/wp-json\/wp\/v2\/users\/93"}],"replies":[{"embeddable":true,"href":"https:\/\/plazajuarez.mx\/historico\/wp-json\/wp\/v2\/comments?post=29402"}],"version-history":[{"count":0,"href":"https:\/\/plazajuarez.mx\/historico\/wp-json\/wp\/v2\/posts\/29402\/revisions"}],"wp:attachment":[{"href":"https:\/\/plazajuarez.mx\/historico\/wp-json\/wp\/v2\/media?parent=29402"}],"wp:term":[{"taxonomy":"category","embeddable":true,"href":"https:\/\/plazajuarez.mx\/historico\/wp-json\/wp\/v2\/categories?post=29402"},{"taxonomy":"post_tag","embeddable":true,"href":"https:\/\/plazajuarez.mx\/historico\/wp-json\/wp\/v2\/tags?post=29402"}],"curies":[{"name":"wp","href":"https:\/\/api.w.org\/{rel}","templated":true}]}}