{"id":29400,"date":"2016-10-02T05:56:53","date_gmt":"2016-10-02T05:56:53","guid":{"rendered":"http:\/\/plazajuarez.mx\/index\/index.php\/2016\/10\/02\/la-tlaltecuhtli-y-sus-colores-en-bellas-artes\/"},"modified":"2016-10-02T05:56:53","modified_gmt":"2016-10-02T05:56:53","slug":"la-tlaltecuhtli-y-sus-colores-en-bellas-artes","status":"publish","type":"post","link":"https:\/\/plazajuarez.mx\/historico\/la-tlaltecuhtli-y-sus-colores-en-bellas-artes\/","title":{"rendered":"La Tlaltecuhtli y sus colores, en Bellas Artes"},"content":{"rendered":"<p>POLICROM\u00cdA DE LA ESCULTURA ANTIGUA<br \/>\u25cf\u00a0\u00a0\u00a0 La muestra, denominada El color de los dioses, se inaugurar\u00e1 el 10 de octubre en el Palacio de Bellas Artes e incluir\u00e1 ejemplos del arte griego, romano y mesoamericano<\/p>\n<p>  <!--more-->  <\/p>\n<p>A diez a\u00f1os de su descubrimiento, el 2 de octubre de 2006, el monolito de la Tlaltecuhtli protagonizar\u00e1 una exposici\u00f3n dedicada a resaltar la policrom\u00eda de la escultura antigua. La muestra, denominada El color de los dioses, se inaugurar\u00e1 el 10 de octubre en el Palacio de Bellas Artes e incluir\u00e1 ejemplos del arte griego, romano y mesoamericano.<br \/>Organizada por el INBA, INAH y dos museos alemanes, esta exposici\u00f3n tendr\u00e1 como pieza ejemplar del arte mesoamericano una r\u00e9plica de la \u201cdiosa de la tierra\u201d, monumental escultura que destaca por sus dimensiones y porque, despu\u00e9s de cinco siglos de enterramiento, logr\u00f3 mantener gran parte de sus colores originales. Es justo ah\u00ed donde radica su singularidad, asegura en entrevista la restauradora Mar\u00eda Barajas Rocha, quien coordina los trabajos de conservaci\u00f3n de la escultura: \u201cTenemos evidencia de la policrom\u00eda en otras esculturas monol\u00edticas, pero la de \u201cla diosa de la tierra\u201d es el primer ejemplo donde podemos ver conservada la policrom\u00eda en su totalidad\u201d. <br \/>Para la especialista, el hecho de que esta escultura labrada por los mexicas hace m\u00e1s de 500 a\u00f1os conserve hasta nuestros d\u00edas sus colores se debe principalmente al contexto lacustre del subsuelo donde permaneci\u00f3 durante siglos y a los trabajos de conservaci\u00f3n que se le han dado desde que sali\u00f3 a la luz aquel 2 de octubre, cuando el equipo del Programa de Arqueolog\u00eda Urbana, entonces liderado por el arque\u00f3logo \u00c1lvaro Barrera, la hall\u00f3 en el cruce de Guatemala y Argentina. En esto, asegura, tuvo un papel crucial la restauradora Virginia Pimentel, quien desde que la vio se aferr\u00f3 a cubrir sus relieves y evit\u00f3 que fuera sometida a una limpieza inmediata. \u201cCuando se dan estos hallazgos tan llamativos, las presiones pol\u00edticas o de otro tipo llevan a tomar decisiones muy precipitadas y eso fue lo que sucedi\u00f3 con Coyolxauhqui, perdi\u00f3 mucha de su policrom\u00eda en un proceso de limpieza acelerado; con la Tlaltecuhtli se pudo controlar mejor y gracias a eso la podemos contemplar con toda su policrom\u00eda\u201d. <\/p>\n<p>DESDE 2010, LA ESCULTURA TIENE UN LUGAR ESPECIAL EN EL MUSEO DEL TEMPLO MAYOR, A DONDE LLEG\u00d3 LUEGO DE UN LARGO PROCESO DE AN\u00c1LISIS, ESTABILIZACI\u00d3N Y CONSERVACI\u00d3N<\/p>\n","protected":false},"excerpt":{"rendered":"<p>POLICROM\u00cdA DE LA ESCULTURA ANTIGUA\u25cf\u00a0\u00a0\u00a0 La muestra, denominada El color de los dioses, se inaugurar\u00e1 el 10 de octubre en el Palacio de Bellas Artes e incluir\u00e1 ejemplos del arte griego, romano y mesoamericano<\/p>\n","protected":false},"author":93,"featured_media":0,"comment_status":"open","ping_status":"open","sticky":false,"template":"","format":"standard","meta":{"footnotes":""},"categories":[41],"tags":[],"class_list":["post-29400","post","type-post","status-publish","format-standard","hentry","category-arteria-cultural"],"_links":{"self":[{"href":"https:\/\/plazajuarez.mx\/historico\/wp-json\/wp\/v2\/posts\/29400","targetHints":{"allow":["GET"]}}],"collection":[{"href":"https:\/\/plazajuarez.mx\/historico\/wp-json\/wp\/v2\/posts"}],"about":[{"href":"https:\/\/plazajuarez.mx\/historico\/wp-json\/wp\/v2\/types\/post"}],"author":[{"embeddable":true,"href":"https:\/\/plazajuarez.mx\/historico\/wp-json\/wp\/v2\/users\/93"}],"replies":[{"embeddable":true,"href":"https:\/\/plazajuarez.mx\/historico\/wp-json\/wp\/v2\/comments?post=29400"}],"version-history":[{"count":0,"href":"https:\/\/plazajuarez.mx\/historico\/wp-json\/wp\/v2\/posts\/29400\/revisions"}],"wp:attachment":[{"href":"https:\/\/plazajuarez.mx\/historico\/wp-json\/wp\/v2\/media?parent=29400"}],"wp:term":[{"taxonomy":"category","embeddable":true,"href":"https:\/\/plazajuarez.mx\/historico\/wp-json\/wp\/v2\/categories?post=29400"},{"taxonomy":"post_tag","embeddable":true,"href":"https:\/\/plazajuarez.mx\/historico\/wp-json\/wp\/v2\/tags?post=29400"}],"curies":[{"name":"wp","href":"https:\/\/api.w.org\/{rel}","templated":true}]}}