{"id":29396,"date":"2016-10-02T05:54:31","date_gmt":"2016-10-02T05:54:31","guid":{"rendered":"http:\/\/plazajuarez.mx\/index\/index.php\/2016\/10\/02\/ingrid-brans-la-reata-se-queja-de-inseguridad\/"},"modified":"2016-10-02T05:54:31","modified_gmt":"2016-10-02T05:54:31","slug":"ingrid-brans-la-reata-se-queja-de-inseguridad","status":"publish","type":"post","link":"https:\/\/plazajuarez.mx\/historico\/ingrid-brans-la-reata-se-queja-de-inseguridad\/","title":{"rendered":"Ingrid Brans \u201cLa Reata\u201d se queja de inseguridad"},"content":{"rendered":"<p>Ya ni a las famosas respetan. Resulta que Ingrid Brans, conocida como \u201cLa Reata\u201d, fue v\u00edctima de un intento de asalto en la capital del pa\u00eds tan insegura.<\/p>\n<p>  <!--more-->  <\/p>\n<p>Fue el pasado martes cuando Ingrid volvi\u00f3 a ser noticia y es que vivi\u00f3 en carne propia el intento de un asalto con arma de fuego, seg\u00fan lo relat\u00f3 v\u00eda Periscope.<br \/>El incidente ocurri\u00f3 en la Avenida Revoluci\u00f3n donde, seg\u00fan las autoridades, es una zona altamente peligrosa en robo a automovilistas.<br \/>En el video, \u201cLa Reata\u201d se\u00f1al\u00f3 que el agresor tendr\u00eda alrededor de 17 a\u00f1os. \u201cHay much\u00edsimas zonas s\u00faper peligrosas, realmente horribles, pero hay que mantener los ojos abiertos, tener mucho cuidado\u201d, agreg\u00f3.<br \/>Precis\u00f3 que \u201clo que hice fue\u2026 perd\u00f3n es que estoy muy nerviosa, todav\u00eda estoy temblando\u2026 iba hacia el gimnasio y me detuve sobre la Calle 17 en el sem\u00e1foro exactamente, esto sucedi\u00f3 ahora a las ocho de la noche, y pues el ni\u00f1o, porque realmente esta persona no era un hombre, era un ni\u00f1o, golpea el vidrio del carro\u201d.<br \/>Tambi\u00e9n dijo que a una cuadra de donde se encontraba hab\u00edan unas patrullas, \u201cunos polic\u00edas, avis\u00e9 rapid\u00edsimo, regresamos al lugar y ya checaron\u201d. Manifest\u00f3 que aunque el ataque no pas\u00f3 a mayores, la capital est\u00e1 llena de lugares peligrosos.<\/p>\n","protected":false},"excerpt":{"rendered":"<p>Ya ni a las famosas respetan. Resulta que Ingrid Brans, conocida como \u201cLa Reata\u201d, fue v\u00edctima de un intento de asalto en la capital del pa\u00eds tan insegura.<\/p>\n","protected":false},"author":93,"featured_media":0,"comment_status":"open","ping_status":"open","sticky":false,"template":"","format":"standard","meta":{"footnotes":""},"categories":[38],"tags":[],"class_list":["post-29396","post","type-post","status-publish","format-standard","hentry","category-show"],"_links":{"self":[{"href":"https:\/\/plazajuarez.mx\/historico\/wp-json\/wp\/v2\/posts\/29396","targetHints":{"allow":["GET"]}}],"collection":[{"href":"https:\/\/plazajuarez.mx\/historico\/wp-json\/wp\/v2\/posts"}],"about":[{"href":"https:\/\/plazajuarez.mx\/historico\/wp-json\/wp\/v2\/types\/post"}],"author":[{"embeddable":true,"href":"https:\/\/plazajuarez.mx\/historico\/wp-json\/wp\/v2\/users\/93"}],"replies":[{"embeddable":true,"href":"https:\/\/plazajuarez.mx\/historico\/wp-json\/wp\/v2\/comments?post=29396"}],"version-history":[{"count":0,"href":"https:\/\/plazajuarez.mx\/historico\/wp-json\/wp\/v2\/posts\/29396\/revisions"}],"wp:attachment":[{"href":"https:\/\/plazajuarez.mx\/historico\/wp-json\/wp\/v2\/media?parent=29396"}],"wp:term":[{"taxonomy":"category","embeddable":true,"href":"https:\/\/plazajuarez.mx\/historico\/wp-json\/wp\/v2\/categories?post=29396"},{"taxonomy":"post_tag","embeddable":true,"href":"https:\/\/plazajuarez.mx\/historico\/wp-json\/wp\/v2\/tags?post=29396"}],"curies":[{"name":"wp","href":"https:\/\/api.w.org\/{rel}","templated":true}]}}