{"id":29394,"date":"2016-10-02T05:54:02","date_gmt":"2016-10-02T05:54:02","guid":{"rendered":"http:\/\/plazajuarez.mx\/index\/index.php\/2016\/10\/02\/cuando-alfonso-arau-reto-a-eu\/"},"modified":"2016-10-02T05:54:02","modified_gmt":"2016-10-02T05:54:02","slug":"cuando-alfonso-arau-reto-a-eu","status":"publish","type":"post","link":"https:\/\/plazajuarez.mx\/historico\/cuando-alfonso-arau-reto-a-eu\/","title":{"rendered":"Cuando Alfonso Arau ret\u00f3 a EU"},"content":{"rendered":"<p>PR\u00c1CTICAMENTE ARM\u00d3 UNA REVOLUCI\u00d3N\u00a0\u00a0 <br \/>\u25cf\u00a0\u00a0\u00a0 Era 1969 y el entonces actor hab\u00eda sido contratado para un peque\u00f1o papel, en lo que ser\u00eda conocido en espa\u00f1ol como el western de \u201cLa pandilla salvaje\u201d, ya cl\u00e1sico<\/p>\n<p>  <!--more-->  <\/p>\n<p>El d\u00eda que Alfonso Arau lleg\u00f3 al comedor de la pel\u00edcula hollywoodense \u201cThe wild bunch\u201d, bajo la direcci\u00f3n de Sam Peckinpah, pr\u00e1cticamente arm\u00f3 una revoluci\u00f3n.<br \/>Era 1969 y el entonces actor hab\u00eda sido contratado para un peque\u00f1o papel, en lo que ser\u00eda conocido en espa\u00f1ol como el western de \u201cLa pandilla salvaje\u201d, ya cl\u00e1sico.<br \/>\u201cVi que en un lado estaban los estadounidenses y en otros los mexicanos, dije, esto no puede ser; lo platiqu\u00e9 con los dem\u00e1s y me fui al hotel para hablar con la ANDA (Asociaci\u00f3n de Actores) para decirles que c\u00f3mo permit\u00edan eso.<br \/>\u201cSe arm\u00f3 el esc\u00e1ndalo en la prensa y al d\u00eda siguiente se arregl\u00f3 todo. Entonces llega Sam y me dice \u2018are you the revolutionary\u2019, le digo que \u2018yes\u2019 y responde: bravou; \u00e9l era tambi\u00e9n as\u00ed, todo el tiempo se peleaba con el productor\u201d, narra divertido.<br \/>A partir de ah\u00ed, recuerda en un encuentro con el p\u00fablico en Cineteca Nacional, fue como una especie de hijo profesional para el realizador.<br \/>Arau se encontraba preparando su debut como director con \u201cEl \u00e1guila descalza\u201d y estaba absorbiendo.<br \/>\u201c\u00a1Mi papel dur\u00f3 cuatro semanas y por \u00e9l, estuve 34!\u201d, apunta.<br \/>Entre clich\u00e9 y astrolog\u00eda. Precisamente de Peckinpah entendi\u00f3 que los clich\u00e9s no eran malos en cine.<br \/>\u201c\u00c9l dec\u00eda que eran maravillosos, porque el p\u00fablico se identifica inmediatamente con ellos.<br \/>\u201cDec\u00eda que basta ver que en todas las pel\u00edculas hab\u00eda una muerte, una boda, una escena de cama, una separaci\u00f3n y eso ya eran clich\u00e9s, pero lo que deb\u00eda hacerse en la carrera de un director era adoptar el clich\u00e9 y trabajarlo de manera distinta\u201d, destaca.<br \/>La astrolog\u00eda tambi\u00e9n ha jugado parte importante en su carrera.<br \/>\u201cComo agua para chocolate\u201d que gan\u00f3 cerca de 20 premios nacionales e internacionales, as\u00ed como nominaciones al BAFTA y Globo de Oro, es muestra de ello.<\/p>\n<p>\u201cVI QUE EN UN LADO ESTABAN LOS ESTADOUNIDENSES Y EN OTROS LOS MEXICANOS, DIJE, ESTO NO PUEDE SER; LO PLATIQU\u00c9 CON LOS DEM\u00c1S Y ME FUI AL HOTEL PARA HABLAR CON LA ANDA (ASOCIACI\u00d3N DE ACTORES) PARA DECIRLES QUE C\u00d3MO PERMIT\u00cdAN ESO. SE ARM\u00d3 EL ESC\u00c1NDALO EN LA PRENSA Y AL D\u00cdA SIGUIENTE SE ARREGL\u00d3 TODO. ENTONCES LLEGA SAM Y ME DICE \u2018ARE YOU THE REVOLUTIONARY\u2019, LE DIGO QUE \u2018YES\u2019 Y RESPONDE: BRAVOU; \u00c9L ERA TAMBI\u00c9N AS\u00cd, TODO EL TIEMPO SE PELEABA CON EL PRODUCTOR\u201d, NARRA DIVERTIDO<\/p>\n","protected":false},"excerpt":{"rendered":"<p>PR\u00c1CTICAMENTE ARM\u00d3 UNA REVOLUCI\u00d3N\u00a0\u00a0 \u25cf\u00a0\u00a0\u00a0 Era 1969 y el entonces actor hab\u00eda sido contratado para un peque\u00f1o papel, en lo que ser\u00eda conocido en espa\u00f1ol como el western de \u201cLa pandilla salvaje\u201d, ya cl\u00e1sico<\/p>\n","protected":false},"author":93,"featured_media":0,"comment_status":"open","ping_status":"open","sticky":false,"template":"","format":"standard","meta":{"footnotes":""},"categories":[38],"tags":[],"class_list":["post-29394","post","type-post","status-publish","format-standard","hentry","category-show"],"_links":{"self":[{"href":"https:\/\/plazajuarez.mx\/historico\/wp-json\/wp\/v2\/posts\/29394","targetHints":{"allow":["GET"]}}],"collection":[{"href":"https:\/\/plazajuarez.mx\/historico\/wp-json\/wp\/v2\/posts"}],"about":[{"href":"https:\/\/plazajuarez.mx\/historico\/wp-json\/wp\/v2\/types\/post"}],"author":[{"embeddable":true,"href":"https:\/\/plazajuarez.mx\/historico\/wp-json\/wp\/v2\/users\/93"}],"replies":[{"embeddable":true,"href":"https:\/\/plazajuarez.mx\/historico\/wp-json\/wp\/v2\/comments?post=29394"}],"version-history":[{"count":0,"href":"https:\/\/plazajuarez.mx\/historico\/wp-json\/wp\/v2\/posts\/29394\/revisions"}],"wp:attachment":[{"href":"https:\/\/plazajuarez.mx\/historico\/wp-json\/wp\/v2\/media?parent=29394"}],"wp:term":[{"taxonomy":"category","embeddable":true,"href":"https:\/\/plazajuarez.mx\/historico\/wp-json\/wp\/v2\/categories?post=29394"},{"taxonomy":"post_tag","embeddable":true,"href":"https:\/\/plazajuarez.mx\/historico\/wp-json\/wp\/v2\/tags?post=29394"}],"curies":[{"name":"wp","href":"https:\/\/api.w.org\/{rel}","templated":true}]}}