{"id":29393,"date":"2016-10-02T05:52:42","date_gmt":"2016-10-02T05:52:42","guid":{"rendered":"http:\/\/plazajuarez.mx\/index\/index.php\/2016\/10\/02\/enfrenta-tamaulipas-estancamiento-total\/"},"modified":"2016-10-02T05:52:42","modified_gmt":"2016-10-02T05:52:42","slug":"enfrenta-tamaulipas-estancamiento-total","status":"publish","type":"post","link":"https:\/\/plazajuarez.mx\/historico\/enfrenta-tamaulipas-estancamiento-total\/","title":{"rendered":"\u201cEnfrenta Tamaulipas estancamiento total\u201d"},"content":{"rendered":"<p>Toma posesi\u00f3n nuevo Gobernador<\/p>\n<p>  <!--more-->  <\/p>\n<p>Francisco Garc\u00eda Cabeza de Vaca rindi\u00f3 protesta ante el Congreso del estado, como Gobernador de Tamaulipas: \u201ctamaulipecas y tamaulipecos, tengan todos la certeza que cumplir\u00e9 con cabalidad todos los compromisos que les dije; aspiro a ser el mejor Gobernador de Tamaulipas\u201d.<br \/>&#8220;El cinco de junio la esperanza venci\u00f3 al miedo y m\u00e1s de 721 mil electores consideraron que 86 a\u00f1os era tiempo m\u00e1s que suficiente para terminar con pr\u00e1cticas de un sistema pol\u00edtico que ya no ten\u00eda nada que ofrecer a los tamaulipecos&#8221;, dijo en su discurso.<br \/>Entre los invitados destac\u00f3 la presencia de Hern\u00e1n de la Garza Tamez, magistrado presidente del Supremo Tribunal de Justicia; Pedro Joaqu\u00edn Coldwell, secretario de Energ\u00eda y representante del Presidente Enrique Pe\u00f1a Nieto; Ricardo Anaya, el presidente del CEN del PAN; Jaime Rodr\u00edguez &#8220;El Bronco&#8221;, gobernador de Nuevo Le\u00f3n; Miguel \u00c1ngel Yunes, gobernador de Veracruz; la aspirante presidencial Margarita Zavala; el ex presidente Felipe Calder\u00f3n Hinojosa; y la ex candidata presidencial Josefina V\u00e1zquez Mota.<\/p>\n","protected":false},"excerpt":{"rendered":"<p>Toma posesi\u00f3n nuevo Gobernador<\/p>\n","protected":false},"author":93,"featured_media":0,"comment_status":"open","ping_status":"open","sticky":false,"template":"","format":"standard","meta":{"footnotes":""},"categories":[36],"tags":[],"class_list":["post-29393","post","type-post","status-publish","format-standard","hentry","category-nacion"],"_links":{"self":[{"href":"https:\/\/plazajuarez.mx\/historico\/wp-json\/wp\/v2\/posts\/29393","targetHints":{"allow":["GET"]}}],"collection":[{"href":"https:\/\/plazajuarez.mx\/historico\/wp-json\/wp\/v2\/posts"}],"about":[{"href":"https:\/\/plazajuarez.mx\/historico\/wp-json\/wp\/v2\/types\/post"}],"author":[{"embeddable":true,"href":"https:\/\/plazajuarez.mx\/historico\/wp-json\/wp\/v2\/users\/93"}],"replies":[{"embeddable":true,"href":"https:\/\/plazajuarez.mx\/historico\/wp-json\/wp\/v2\/comments?post=29393"}],"version-history":[{"count":0,"href":"https:\/\/plazajuarez.mx\/historico\/wp-json\/wp\/v2\/posts\/29393\/revisions"}],"wp:attachment":[{"href":"https:\/\/plazajuarez.mx\/historico\/wp-json\/wp\/v2\/media?parent=29393"}],"wp:term":[{"taxonomy":"category","embeddable":true,"href":"https:\/\/plazajuarez.mx\/historico\/wp-json\/wp\/v2\/categories?post=29393"},{"taxonomy":"post_tag","embeddable":true,"href":"https:\/\/plazajuarez.mx\/historico\/wp-json\/wp\/v2\/tags?post=29393"}],"curies":[{"name":"wp","href":"https:\/\/api.w.org\/{rel}","templated":true}]}}