{"id":293630,"date":"2023-12-30T05:00:00","date_gmt":"2023-12-30T11:00:00","guid":{"rendered":"https:\/\/plazajuarez.mx\/?p=293630"},"modified":"2023-12-30T02:43:59","modified_gmt":"2023-12-30T08:43:59","slug":"el-colombiano-nelson-deossa-ficha-por-el-pachuca-mexicano","status":"publish","type":"post","link":"https:\/\/plazajuarez.mx\/historico\/el-colombiano-nelson-deossa-ficha-por-el-pachuca-mexicano\/","title":{"rendered":"El colombiano Nelson Deossa ficha por el Pachuca mexicano"},"content":{"rendered":"\n<p>El centrocampista colombiano Nelson Deossa fue anunciado este viernes como refuerzo de los Tuzos del Pachuca para el torneo Clausura 2024 del f\u00fatbol mexicano que se iniciar\u00e1 en enero pr\u00f3ximo.<\/p>\n\n\n\n<p>El Pachuca, dirigido por el entrenador uruguayo Guillermo Almada, hizo oficial la contrataci\u00f3n del futbolista de 23 a\u00f1os en sus redes sociales.&nbsp;<\/p>\n\n\n\n<p>El oriundo de Marmato proviene del Atl\u00e9tico Nacional de su pa\u00eds, con el que viene de ser campe\u00f3n en la Superliga y de la copa colombiana.<\/p>\n\n\n\n<p>Deossa disput\u00f3 50 partidos con el Nacional, en los que anot\u00f3 seis goles y dio cuatro asistencias.<\/p>\n\n\n\n<p>El \u201cMago\u201d Deossa estaba cedido desde enero pasado en el Nacional por el Atl\u00e9tico Huila de su pa\u00eds, en el que antes jug\u00f3 20 partidos y convirti\u00f3 un gol.<\/p>\n\n\n\n<p>Otros equipos a los ha pertenecido el volante fueron el Junior de Barranquilla colombiano, en el que particip\u00f3 21 duelos y marc\u00f3 dos goles los \u00faltimos seis meses de 2022, y en el Estudiantes de la Plata argentino, con los que milit\u00f3 de enero a junio de 2022 en 10 partidos.<\/p>\n\n\n\n<p>Almada espera que Deossa sume poder ofensivo a su equipo, que apenas meti\u00f3 16 dianas en 17 encuentros el torneo pasado y se qued\u00f3 fuera de la fase final al terminar en el und\u00e9cimo lugar.&nbsp;<\/p>\n\n\n\n<p>Otro colombiano que se cambi\u00f3 de equipo este viernes en el balompi\u00e9 mexicano fue el delantero Diber Cambindo, quien dej\u00f3 al Cruz Azul para firmar por el Necaxa.<\/p>\n\n\n\n<p>El artillero de 27 a\u00f1os sali\u00f3 del Cruz Azul s\u00f3lo un torneo despu\u00e9s de su incorporaci\u00f3n y debut en M\u00e9xico.<\/p>\n\n\n\n<p>Cambindo particip\u00f3 en 18 partidos con el Cruz Azul en los que anot\u00f3 cuatro veces y reparti\u00f3 una asistencia, pero no se consolid\u00f3 como titular.<\/p>\n","protected":false},"excerpt":{"rendered":"<p>El centrocampista colombiano Nelson Deossa fue anunciado este viernes como refuerzo de los Tuzos del Pachuca para el torneo Clausura 2024 del f\u00fatbol mexicano que se iniciar\u00e1 en enero pr\u00f3ximo. El Pachuca, dirigido por el entrenador uruguayo Guillermo Almada, hizo oficial la contrataci\u00f3n del futbolista de 23 a\u00f1os en sus redes sociales.&nbsp; El oriundo de [&hellip;]<\/p>\n","protected":false},"author":80,"featured_media":293633,"comment_status":"closed","ping_status":"closed","sticky":false,"template":"","format":"standard","meta":{"footnotes":""},"categories":[39],"tags":[],"class_list":["post-293630","post","type-post","status-publish","format-standard","has-post-thumbnail","hentry","category-deportiva"],"_links":{"self":[{"href":"https:\/\/plazajuarez.mx\/historico\/wp-json\/wp\/v2\/posts\/293630","targetHints":{"allow":["GET"]}}],"collection":[{"href":"https:\/\/plazajuarez.mx\/historico\/wp-json\/wp\/v2\/posts"}],"about":[{"href":"https:\/\/plazajuarez.mx\/historico\/wp-json\/wp\/v2\/types\/post"}],"author":[{"embeddable":true,"href":"https:\/\/plazajuarez.mx\/historico\/wp-json\/wp\/v2\/users\/80"}],"replies":[{"embeddable":true,"href":"https:\/\/plazajuarez.mx\/historico\/wp-json\/wp\/v2\/comments?post=293630"}],"version-history":[{"count":0,"href":"https:\/\/plazajuarez.mx\/historico\/wp-json\/wp\/v2\/posts\/293630\/revisions"}],"wp:featuredmedia":[{"embeddable":true,"href":"https:\/\/plazajuarez.mx\/historico\/wp-json\/wp\/v2\/media\/293633"}],"wp:attachment":[{"href":"https:\/\/plazajuarez.mx\/historico\/wp-json\/wp\/v2\/media?parent=293630"}],"wp:term":[{"taxonomy":"category","embeddable":true,"href":"https:\/\/plazajuarez.mx\/historico\/wp-json\/wp\/v2\/categories?post=293630"},{"taxonomy":"post_tag","embeddable":true,"href":"https:\/\/plazajuarez.mx\/historico\/wp-json\/wp\/v2\/tags?post=293630"}],"curies":[{"name":"wp","href":"https:\/\/api.w.org\/{rel}","templated":true}]}}