{"id":293624,"date":"2023-12-30T05:00:00","date_gmt":"2023-12-30T11:00:00","guid":{"rendered":"https:\/\/plazajuarez.mx\/?p=293624"},"modified":"2023-12-30T02:35:42","modified_gmt":"2023-12-30T08:35:42","slug":"torvo-acosador","status":"publish","type":"post","link":"https:\/\/plazajuarez.mx\/historico\/torvo-acosador\/","title":{"rendered":"Torvo acosador"},"content":{"rendered":"\n<p><strong>CINE DE HOY <\/strong><\/p>\n\n\n\n<p>En esta ocasi\u00f3n vamos a hablar de \u201cPole Dance\u201d, de la pareja de cineastas Marisa Systach y Jos\u00e9 Buil, una cinta que pudo haber sido mejor, pero termin\u00f3 siendo palomera.<\/p>\n\n\n\n<p>Desde sus inicios con cintas como \u201c\u00bfY si platicamos de agosto?\u201d y \u201cAdi\u00f3s adi\u00f3s \u00eddolo m\u00edo\u201d, me he declarado fan de las cintas del matrimonio de cineastas Marisa Systach y Jos\u00e9 Buil.<\/p>\n\n\n\n<p>Por eso ten\u00eda curiosidad de ver \u201cPole Dance\u201d, su \u00faltimo trabajo que se acaba de estrenar en las dos cinetecas.<\/p>\n\n\n\n<p>Como siempre, el guion de Buil toca un tema social de actualidad: el del acoso y la violencia, como en su mejor cinta, \u201cPerfume de violetas\u201d.<\/p>\n\n\n\n<p>Sin embargo, un desigual reparto echa por tierra las buenas intenciones.<\/p>\n\n\n\n<p>La voluble esteticista Magda (una ins\u00edpida Gimena G\u00f3mez) ha solicitado el divorcio de su esposo doblemente mariachi Ernesto (Norman Delgadillo), pese a que tiene un a\u00f1o en Alcoh\u00f3licos An\u00f3nimos, por amor a su peque\u00f1a hija.<\/p>\n\n\n\n<p>En cambio, la bailarina comienza a coquetear con el torvo taxista Jaime (David Calder\u00f3n) que ni tardo ni perezoso pone c\u00e1maras por toda su casa \u201cpara espiarla mejor\u201d, terminando en un malo de caricatura.&nbsp;<\/p>\n\n\n\n<p>De nada sirven las buenas actuaciones de Itati Cantoral como la jefa de Magda y de Mar\u00eda Rojo como una insensible funcionaria, si el resto del reparto est\u00e1 por muy debajo de ellas, con Arcelia Ram\u00edrez como la madre m\u00e1s improbable del cine mexicano, como bicitaxista rubia chafa.<\/p>\n\n\n\n<p>Buil anunci\u00f3 en sus redes su retiro, lo que ser\u00eda una l\u00e1stima que lo cumpliera con una cinta tan fallida como esta.&nbsp;&nbsp;<\/p>\n\n\n\n<p>Dato: De nada sirven las buenas actuaciones de Itati Cantoral como la jefa de Magda y de Mar\u00eda Rojo como una insensible funcionaria, si el resto del reparto est\u00e1 por muy debajo de ellas<\/p>\n","protected":false},"excerpt":{"rendered":"<p>CINE DE HOY En esta ocasi\u00f3n vamos a hablar de \u201cPole Dance\u201d, de la pareja de cineastas Marisa Systach y Jos\u00e9 Buil, una cinta que pudo haber sido mejor, pero termin\u00f3 siendo palomera. Desde sus inicios con cintas como \u201c\u00bfY si platicamos de agosto?\u201d y \u201cAdi\u00f3s adi\u00f3s \u00eddolo m\u00edo\u201d, me he declarado fan de las [&hellip;]<\/p>\n","protected":false},"author":96,"featured_media":247288,"comment_status":"closed","ping_status":"closed","sticky":false,"template":"","format":"standard","meta":{"footnotes":""},"categories":[41,42],"tags":[],"class_list":["post-293624","post","type-post","status-publish","format-standard","has-post-thumbnail","hentry","category-arteria-cultural","category-nuestrapalabra"],"_links":{"self":[{"href":"https:\/\/plazajuarez.mx\/historico\/wp-json\/wp\/v2\/posts\/293624","targetHints":{"allow":["GET"]}}],"collection":[{"href":"https:\/\/plazajuarez.mx\/historico\/wp-json\/wp\/v2\/posts"}],"about":[{"href":"https:\/\/plazajuarez.mx\/historico\/wp-json\/wp\/v2\/types\/post"}],"author":[{"embeddable":true,"href":"https:\/\/plazajuarez.mx\/historico\/wp-json\/wp\/v2\/users\/96"}],"replies":[{"embeddable":true,"href":"https:\/\/plazajuarez.mx\/historico\/wp-json\/wp\/v2\/comments?post=293624"}],"version-history":[{"count":0,"href":"https:\/\/plazajuarez.mx\/historico\/wp-json\/wp\/v2\/posts\/293624\/revisions"}],"wp:featuredmedia":[{"embeddable":true,"href":"https:\/\/plazajuarez.mx\/historico\/wp-json\/wp\/v2\/media\/247288"}],"wp:attachment":[{"href":"https:\/\/plazajuarez.mx\/historico\/wp-json\/wp\/v2\/media?parent=293624"}],"wp:term":[{"taxonomy":"category","embeddable":true,"href":"https:\/\/plazajuarez.mx\/historico\/wp-json\/wp\/v2\/categories?post=293624"},{"taxonomy":"post_tag","embeddable":true,"href":"https:\/\/plazajuarez.mx\/historico\/wp-json\/wp\/v2\/tags?post=293624"}],"curies":[{"name":"wp","href":"https:\/\/api.w.org\/{rel}","templated":true}]}}