{"id":293621,"date":"2023-12-30T05:00:00","date_gmt":"2023-12-30T11:00:00","guid":{"rendered":"https:\/\/plazajuarez.mx\/?p=293621"},"modified":"2023-12-30T02:33:23","modified_gmt":"2023-12-30T08:33:23","slug":"lo-mejor-del-ano","status":"publish","type":"post","link":"https:\/\/plazajuarez.mx\/historico\/lo-mejor-del-ano\/","title":{"rendered":"Lo mejor del a\u00f1o"},"content":{"rendered":"\n<p><strong>CINE DE HOY<\/strong><\/p>\n\n\n\n<p>En esta ocasi\u00f3n vamos a hablar de los filmes que nos trajo el 2023, haciendo especial \u00e9nfasis en aquellas pel\u00edculas que deben verse apenas se vean anunciadas.<\/p>\n\n\n\n<p>A\u00f1o de la nueva Cineteca de las Artes, con rezagos de la pandemia, que impiden retornar la normalidad, pero que nos permiti\u00f3 ver buen cine.<\/p>\n\n\n\n<p>M\u00e1s que el Festival de Cine Jud\u00edo hay que destacar la retrospectiva de Amos Gitai, premiado con la Medalla de la Cineteca, que incluy\u00f3 cintas como \u201cKippur\u201d y \u201cLos \u00faltimos d\u00edas de Rabin\u201d<\/p>\n\n\n\n<p>Las oscareadas \u201cLa ballena\u201d de Darren Arofnosky, \u201cLos esp\u00edritus de la isla\u201d de Martin McDonagh y \u201cEllas hablan\u201d de Sarah Polley.<\/p>\n\n\n\n<p>De la Muestra de Primavera, \u201cLa ara\u00f1a sagrada\u201d de Ali Abbasi y \u201cLa \u00faltima pel\u00edcula\u201d de Pan Nalin&nbsp;<\/p>\n\n\n\n<p>Del FICUNAM, \u201cHeroico\u201d de David Zonana y &#8220;La monta\u00f1a\u201d de Diego Enrique Osorno.<\/p>\n\n\n\n<p>Del Tour Franc\u00e9s, \u201cAz\u00facar y estrellas\u201d de Sebastian Tulard y \u201cUn trabajo serio\u201d de Thomas Lilti, sobre esforzados maestros galos.<\/p>\n\n\n\n<p>En el Docs vimos los espl\u00e9ndidos \u201cPola Weiss\u201d documental de Alejandra Luc\u00eda Arrieta y \u201cEl juicio\u201d de Ulises de la Orden.&nbsp;<\/p>\n\n\n\n<p>Hubo sorpresas argentinas con Fernando Spiner \u201cAballay y Erdosain\u201d y Alberti di Tella \u201cHachazos y Montoneros\u201d.<\/p>\n\n\n\n<p>La Muestra de oto\u00f1o trajo \u201cMonstruo\u201d de Hirokazu Kore Eda, \u201cSobre hierbas secas&#8221; de Nuri Bilge Ceylan y acabamos con la tierna \u201cHojas de oto\u00f1o\u201d de Aki Kaurismaki.<\/p>\n\n\n\n<p>Los estrenos espectaculares que no decepcionaron fueron \u201cOppenheimer\u201d de Christopher Nolan y \u201cNapole\u00f3n\u201d de Ridley Scott.&nbsp;<\/p>\n\n\n\n<p>En el plano nacional, comenzamos el a\u00f1o con la espl\u00e9ndida \u201cRabia\u201d de Natalia Berista\u00edn, sobre una madre que busca a su hija desaparecida, y que fue injustamente ignorada en los Arieles, pasamos por otra \u201cRabia\u201d, la de Jorge Michel Grau y lo culminamos con \u201cFamilia\u201d, primer trabajo mexicano del colombiano Rodrigo Garc\u00eda.<\/p>\n\n\n\n<p>Todas ellas recomendables, que no debe perderse cuando las vea anunciadas.<\/p>\n\n\n\n<p>Dato: En el plano nacional, comenzamos el a\u00f1o con la espl\u00e9ndida \u201cRabia\u201d de Natalia Berista\u00edn, sobre una madre que busca a su hija desaparecida, y que fue injustamente ignorada en los Arieles<\/p>\n","protected":false},"excerpt":{"rendered":"<p>CINE DE HOY En esta ocasi\u00f3n vamos a hablar de los filmes que nos trajo el 2023, haciendo especial \u00e9nfasis en aquellas pel\u00edculas que deben verse apenas se vean anunciadas. A\u00f1o de la nueva Cineteca de las Artes, con rezagos de la pandemia, que impiden retornar la normalidad, pero que nos permiti\u00f3 ver buen cine. [&hellip;]<\/p>\n","protected":false},"author":96,"featured_media":247288,"comment_status":"closed","ping_status":"closed","sticky":false,"template":"","format":"standard","meta":{"footnotes":""},"categories":[41,42],"tags":[],"class_list":["post-293621","post","type-post","status-publish","format-standard","has-post-thumbnail","hentry","category-arteria-cultural","category-nuestrapalabra"],"_links":{"self":[{"href":"https:\/\/plazajuarez.mx\/historico\/wp-json\/wp\/v2\/posts\/293621","targetHints":{"allow":["GET"]}}],"collection":[{"href":"https:\/\/plazajuarez.mx\/historico\/wp-json\/wp\/v2\/posts"}],"about":[{"href":"https:\/\/plazajuarez.mx\/historico\/wp-json\/wp\/v2\/types\/post"}],"author":[{"embeddable":true,"href":"https:\/\/plazajuarez.mx\/historico\/wp-json\/wp\/v2\/users\/96"}],"replies":[{"embeddable":true,"href":"https:\/\/plazajuarez.mx\/historico\/wp-json\/wp\/v2\/comments?post=293621"}],"version-history":[{"count":0,"href":"https:\/\/plazajuarez.mx\/historico\/wp-json\/wp\/v2\/posts\/293621\/revisions"}],"wp:featuredmedia":[{"embeddable":true,"href":"https:\/\/plazajuarez.mx\/historico\/wp-json\/wp\/v2\/media\/247288"}],"wp:attachment":[{"href":"https:\/\/plazajuarez.mx\/historico\/wp-json\/wp\/v2\/media?parent=293621"}],"wp:term":[{"taxonomy":"category","embeddable":true,"href":"https:\/\/plazajuarez.mx\/historico\/wp-json\/wp\/v2\/categories?post=293621"},{"taxonomy":"post_tag","embeddable":true,"href":"https:\/\/plazajuarez.mx\/historico\/wp-json\/wp\/v2\/tags?post=293621"}],"curies":[{"name":"wp","href":"https:\/\/api.w.org\/{rel}","templated":true}]}}