{"id":2935,"date":"2015-03-28T06:00:00","date_gmt":"2015-03-28T06:00:00","guid":{"rendered":"http:\/\/plazajuarez.mx\/index\/index.php\/2015\/03\/28\/filman-escenas-de-spectre-en-el-zocalo\/"},"modified":"2015-03-28T06:00:00","modified_gmt":"2015-03-28T06:00:00","slug":"filman-escenas-de-spectre-en-el-zocalo","status":"publish","type":"post","link":"https:\/\/plazajuarez.mx\/historico\/filman-escenas-de-spectre-en-el-zocalo\/","title":{"rendered":"Filman escenas de Spectre en el Z\u00f3calo"},"content":{"rendered":"<p><span style=\"font-family: verdana,geneva; font-size: 10pt;\">M\u00e1s de mil extras, bailarines y un helic\u00f3ptero sobrevolando la avenida 20 de noviembre integraron la s\u00e9ptima jornada para Spectre, nuevo filme de James Bond.<\/span><\/p>\n<p>  <!--more-->  <\/p>\n<p>\u00a0<\/p>\n<p><span style=\"font-family: verdana,geneva; font-size: 10pt;\">Desde las 8 de la ma\u00f1ana comenzaron los ensayos, que han desembocado en el rodaje de una secuencia con procesi\u00f3n de D\u00eda de Muertos.<\/span><\/p>\n<p><span style=\"font-family: verdana,geneva; font-size: 10pt;\">&#8220;Vamos a darle la bienvenida a los muertos, \u00a1los muertos vivos est\u00e1n!&#8221;, grita el animador de la fiesta, mientras la nave a\u00e9rea pasa a unos 20 metros del piso.<\/span><\/p>\n<p><span style=\"font-family: verdana,geneva; font-size: 10pt;\">La plancha del Z\u00f3calo se encuentra cerrada al tr\u00e1nsito peatonal y vehicular. Vallas han sido colocadas para evitar el paso de curiosos.<\/span><\/p>\n<p><span style=\"font-family: verdana,geneva; font-size: 10pt;\">Miguel Alem\u00e1n, ex gobernador de Veracruz y padre de Miguel Alem\u00e1n Magnani, inversor del filme, visit\u00f3 por unos minutos la locaci\u00f3n.<\/span><\/p>\n<p><span style=\"font-family: verdana,geneva; font-size: 10pt;\">\u00a0<\/span><\/p>\n<p><span style=\"font-family: verdana,geneva; font-size: 10pt;\">\u00a0<\/span><\/p>\n","protected":false},"excerpt":{"rendered":"<p>M\u00e1s de mil extras, bailarines y un helic\u00f3ptero sobrevolando la avenida 20 de noviembre integraron la s\u00e9ptima jornada para Spectre, nuevo filme de James Bond.<\/p>\n","protected":false},"author":93,"featured_media":0,"comment_status":"open","ping_status":"open","sticky":false,"template":"","format":"standard","meta":{"footnotes":""},"categories":[38],"tags":[],"class_list":["post-2935","post","type-post","status-publish","format-standard","hentry","category-show"],"_links":{"self":[{"href":"https:\/\/plazajuarez.mx\/historico\/wp-json\/wp\/v2\/posts\/2935","targetHints":{"allow":["GET"]}}],"collection":[{"href":"https:\/\/plazajuarez.mx\/historico\/wp-json\/wp\/v2\/posts"}],"about":[{"href":"https:\/\/plazajuarez.mx\/historico\/wp-json\/wp\/v2\/types\/post"}],"author":[{"embeddable":true,"href":"https:\/\/plazajuarez.mx\/historico\/wp-json\/wp\/v2\/users\/93"}],"replies":[{"embeddable":true,"href":"https:\/\/plazajuarez.mx\/historico\/wp-json\/wp\/v2\/comments?post=2935"}],"version-history":[{"count":0,"href":"https:\/\/plazajuarez.mx\/historico\/wp-json\/wp\/v2\/posts\/2935\/revisions"}],"wp:attachment":[{"href":"https:\/\/plazajuarez.mx\/historico\/wp-json\/wp\/v2\/media?parent=2935"}],"wp:term":[{"taxonomy":"category","embeddable":true,"href":"https:\/\/plazajuarez.mx\/historico\/wp-json\/wp\/v2\/categories?post=2935"},{"taxonomy":"post_tag","embeddable":true,"href":"https:\/\/plazajuarez.mx\/historico\/wp-json\/wp\/v2\/tags?post=2935"}],"curies":[{"name":"wp","href":"https:\/\/api.w.org\/{rel}","templated":true}]}}