{"id":293372,"date":"2023-12-28T01:40:48","date_gmt":"2023-12-28T07:40:48","guid":{"rendered":"https:\/\/plazajuarez.mx\/?p=293372"},"modified":"2023-12-28T01:40:51","modified_gmt":"2023-12-28T07:40:51","slug":"concacaf-sanciona-al-real-esteli-nicaraguense-para-el-partido-contra-el-america","status":"publish","type":"post","link":"https:\/\/plazajuarez.mx\/historico\/concacaf-sanciona-al-real-esteli-nicaraguense-para-el-partido-contra-el-america\/","title":{"rendered":"Concacaf sanciona al Real Estel\u00ed nicarag\u00fcense para el partido contra el Am\u00e9rica"},"content":{"rendered":"\n<p>La Confederaci\u00f3n de F\u00fatbol de la Asociaci\u00f3n del Norte, Centroam\u00e9rica y el Caribe (Concacaf) sancion\u00f3 al Real Estel\u00ed nicarag\u00fcense para el partido de ida contra el Club Am\u00e9rica de M\u00e9xico el 6 de febrero pr\u00f3ximo, de la primera ronda de la Concacaf Champions Cup 2024, por los &#8220;incidentes ocurridos&#8221; por algunos aficionados durante el juego del pasado noviembre contra el Alajuelense costarricense.<\/p>\n\n\n\n<p>El Real Estel\u00ed, conocido como El Tren del Norte, inform\u00f3 este mi\u00e9rcoles a trav\u00e9s de sus redes sociales que el Comit\u00e9 Disciplinario de la Concacaf les impuso una doble sanci\u00f3n que consiste en la reducci\u00f3n de aforo del 20 % para el partido frente al Am\u00e9rica mexicano en el Estadio Independencia, de Estel\u00ed, norte de Nicaragua, y una multa econ\u00f3mica por un monto que no se precis\u00f3.<\/p>\n","protected":false},"excerpt":{"rendered":"<p>La Confederaci\u00f3n de F\u00fatbol de la Asociaci\u00f3n del Norte, Centroam\u00e9rica y el Caribe (Concacaf) sancion\u00f3 al Real Estel\u00ed nicarag\u00fcense para el partido de ida contra el Club Am\u00e9rica de M\u00e9xico el 6 de febrero pr\u00f3ximo, de la primera ronda de la Concacaf Champions Cup 2024, por los &#8220;incidentes ocurridos&#8221; por algunos aficionados durante el juego [&hellip;]<\/p>\n","protected":false},"author":80,"featured_media":293373,"comment_status":"closed","ping_status":"closed","sticky":false,"template":"","format":"standard","meta":{"footnotes":""},"categories":[39],"tags":[],"class_list":["post-293372","post","type-post","status-publish","format-standard","has-post-thumbnail","hentry","category-deportiva"],"_links":{"self":[{"href":"https:\/\/plazajuarez.mx\/historico\/wp-json\/wp\/v2\/posts\/293372","targetHints":{"allow":["GET"]}}],"collection":[{"href":"https:\/\/plazajuarez.mx\/historico\/wp-json\/wp\/v2\/posts"}],"about":[{"href":"https:\/\/plazajuarez.mx\/historico\/wp-json\/wp\/v2\/types\/post"}],"author":[{"embeddable":true,"href":"https:\/\/plazajuarez.mx\/historico\/wp-json\/wp\/v2\/users\/80"}],"replies":[{"embeddable":true,"href":"https:\/\/plazajuarez.mx\/historico\/wp-json\/wp\/v2\/comments?post=293372"}],"version-history":[{"count":0,"href":"https:\/\/plazajuarez.mx\/historico\/wp-json\/wp\/v2\/posts\/293372\/revisions"}],"wp:featuredmedia":[{"embeddable":true,"href":"https:\/\/plazajuarez.mx\/historico\/wp-json\/wp\/v2\/media\/293373"}],"wp:attachment":[{"href":"https:\/\/plazajuarez.mx\/historico\/wp-json\/wp\/v2\/media?parent=293372"}],"wp:term":[{"taxonomy":"category","embeddable":true,"href":"https:\/\/plazajuarez.mx\/historico\/wp-json\/wp\/v2\/categories?post=293372"},{"taxonomy":"post_tag","embeddable":true,"href":"https:\/\/plazajuarez.mx\/historico\/wp-json\/wp\/v2\/tags?post=293372"}],"curies":[{"name":"wp","href":"https:\/\/api.w.org\/{rel}","templated":true}]}}