{"id":293367,"date":"2023-12-28T01:31:52","date_gmt":"2023-12-28T07:31:52","guid":{"rendered":"https:\/\/plazajuarez.mx\/?p=293367"},"modified":"2023-12-28T01:31:55","modified_gmt":"2023-12-28T07:31:55","slug":"adolescente-embarazada","status":"publish","type":"post","link":"https:\/\/plazajuarez.mx\/historico\/adolescente-embarazada\/","title":{"rendered":"Adolescente embarazada"},"content":{"rendered":"\n<h2 class=\"wp-block-heading\">CINE DE HOY<\/h2>\n\n\n\n<p>En esta ocasi\u00f3n vamos a hablar de \u201cAurora\u201d, tercer largometraje de la costarricense Paz F\u00e1brega, el cual termina por ser un filme sencillo y sin muchas aspiraciones de una cinematograf\u00eda emergente<\/p>\n\n\n\n<p>Yuliana (Raquel Villalobos) es una adolescente pr\u00f3xima a cumplir su mayor\u00eda de edad, que descubre que tiene cinco meses de embarazo. Temerosa de la reacci\u00f3n de su familia, no sabe qu\u00e9 hacer. Ignora incluso qui\u00e9n es el padre de la criatura, pues ha jugueteado con un grupo de amigos que se re\u00fane en casa de unos padres ausentes.<\/p>\n\n\n\n<p>Es entonces que aparece Luisa (Rebeca Woodbridge) una arquitecta que da clases de dibujo en un centro comunitario, que se ofrece a ayudarla.<\/p>\n\n\n\n<p>Se trata de \u201cAurora\u201d, tercer largometraje de la costarricense Paz F\u00e1brega directora del video \u201cVapor\u201d y de la serie televisiva \u201cSecuelas de la cuarentena\u201d.<\/p>\n\n\n\n<p>La sencilla historia muestra los atavismos y atrasos que existen en las sociedades centroamericanas.<\/p>\n\n\n\n<p>Yuliana, aunque liberada y con aspiraciones de superaci\u00f3n, resulta una ignorante que pretende solucionar todo con la pastilla del d\u00eda despu\u00e9s \u00a1tomada con cinco meses de retraso!<\/p>\n\n\n\n<p>Sorprende que el machismo, otro de los estigmas de la regi\u00f3n, sea apenas mencionado y en cambio, \u201cuno de los probables padres\u201d, se ofrece graciosamente a asumir las consecuencias.<\/p>\n\n\n\n<p>\u201cAurora\u201d obtuvo el premio a la mejor pel\u00edcula costarricense en el Festival de ese pa\u00eds y es un filme sencillo y sin muchas aspiraciones de una cinematograf\u00eda emergente.&nbsp;<\/p>\n\n\n\n<p>Dato: Sorprende que el machismo, otro de los estigmas de la regi\u00f3n, sea apenas mencionado y en cambio, \u201cuno de los probables padres\u201d, se ofrece graciosamente a asumir las consecuencias.<\/p>\n","protected":false},"excerpt":{"rendered":"<p>CINE DE HOY En esta ocasi\u00f3n vamos a hablar de \u201cAurora\u201d, tercer largometraje de la costarricense Paz F\u00e1brega, el cual termina por ser un filme sencillo y sin muchas aspiraciones de una cinematograf\u00eda emergente Yuliana (Raquel Villalobos) es una adolescente pr\u00f3xima a cumplir su mayor\u00eda de edad, que descubre que tiene cinco meses de embarazo. [&hellip;]<\/p>\n","protected":false},"author":96,"featured_media":247288,"comment_status":"closed","ping_status":"closed","sticky":false,"template":"","format":"standard","meta":{"footnotes":""},"categories":[41,54,42],"tags":[],"class_list":["post-293367","post","type-post","status-publish","format-standard","has-post-thumbnail","hentry","category-arteria-cultural","category-jorge-carrasco","category-nuestrapalabra"],"_links":{"self":[{"href":"https:\/\/plazajuarez.mx\/historico\/wp-json\/wp\/v2\/posts\/293367","targetHints":{"allow":["GET"]}}],"collection":[{"href":"https:\/\/plazajuarez.mx\/historico\/wp-json\/wp\/v2\/posts"}],"about":[{"href":"https:\/\/plazajuarez.mx\/historico\/wp-json\/wp\/v2\/types\/post"}],"author":[{"embeddable":true,"href":"https:\/\/plazajuarez.mx\/historico\/wp-json\/wp\/v2\/users\/96"}],"replies":[{"embeddable":true,"href":"https:\/\/plazajuarez.mx\/historico\/wp-json\/wp\/v2\/comments?post=293367"}],"version-history":[{"count":0,"href":"https:\/\/plazajuarez.mx\/historico\/wp-json\/wp\/v2\/posts\/293367\/revisions"}],"wp:featuredmedia":[{"embeddable":true,"href":"https:\/\/plazajuarez.mx\/historico\/wp-json\/wp\/v2\/media\/247288"}],"wp:attachment":[{"href":"https:\/\/plazajuarez.mx\/historico\/wp-json\/wp\/v2\/media?parent=293367"}],"wp:term":[{"taxonomy":"category","embeddable":true,"href":"https:\/\/plazajuarez.mx\/historico\/wp-json\/wp\/v2\/categories?post=293367"},{"taxonomy":"post_tag","embeddable":true,"href":"https:\/\/plazajuarez.mx\/historico\/wp-json\/wp\/v2\/tags?post=293367"}],"curies":[{"name":"wp","href":"https:\/\/api.w.org\/{rel}","templated":true}]}}