{"id":293289,"date":"2023-12-27T05:41:36","date_gmt":"2023-12-27T11:41:36","guid":{"rendered":"https:\/\/plazajuarez.mx\/?p=293289"},"modified":"2023-12-27T05:42:08","modified_gmt":"2023-12-27T11:42:08","slug":"inah-inicio-procedimientos-penales-y-administrativos-para-investigacion","status":"publish","type":"post","link":"https:\/\/plazajuarez.mx\/historico\/inah-inicio-procedimientos-penales-y-administrativos-para-investigacion\/","title":{"rendered":"INAH inici\u00f3 procedimientos penales y administrativos para investigaci\u00f3n"},"content":{"rendered":"\n<p><strong>TULANCINGO.<\/strong>&#8211; El Instituto Nacional de Antropolog\u00eda e Historia (INAH), anunci\u00f3 el inicio de procedimientos penales y administrativos de oficio para investigar y determinar responsabilidades conforme a la Ley Federal sobre Monumentos y Zonas Arqueol\u00f3gicas, Art\u00edsticos e Hist\u00f3ricos.<\/p>\n\n\n\n<p>Lo anterior, luego que el pasado 23 de diciembre, el Mont\u00edculo VI y el Monolito ubicado en la Plazoleta de la Zona de Monumentos Arqueol\u00f3gicos de Huapalcalco, en el municipio de Tulancingo, sufrieran da\u00f1os por grafitis.<\/p>\n\n\n\n<p>A trav\u00e9s de una tarjeta informativa, el gobierno del estado y el INAH, lamentaron y reprueban los hechos, al constituirse como un atentado al patrimonio cultural hidalguense, \u201cEstos actos han causado da\u00f1o y conllevan el detrimento de la memoria ancestral de los pueblos originarios y vandalizan la riqueza cultural que se atesora en la comunidad de Huapalcalco\u201d.<\/p>\n\n\n\n<p>Por ello instaron a la poblaci\u00f3n a \u201ccontinuar sum\u00e1ndose a los esfuerzos para preservar el patrimonio cultural de esta zona. No permitamos actos de esta naturaleza, en unidad lograremos salvaguardar nuestra memoria hist\u00f3rica ancestral\u201d<\/p>\n","protected":false},"excerpt":{"rendered":"<p>TULANCINGO.&#8211; El Instituto Nacional de Antropolog\u00eda e Historia (INAH), anunci\u00f3 el inicio de procedimientos penales y administrativos de oficio para investigar y determinar responsabilidades conforme a la Ley Federal sobre Monumentos y Zonas Arqueol\u00f3gicas, Art\u00edsticos e Hist\u00f3ricos. Lo anterior, luego que el pasado 23 de diciembre, el Mont\u00edculo VI y el Monolito ubicado en la [&hellip;]<\/p>\n","protected":false},"author":73,"featured_media":293290,"comment_status":"closed","ping_status":"closed","sticky":false,"template":"","format":"standard","meta":{"footnotes":""},"categories":[15,40],"tags":[],"class_list":["post-293289","post","type-post","status-publish","format-standard","has-post-thumbnail","hentry","category-destacadas","category-region"],"_links":{"self":[{"href":"https:\/\/plazajuarez.mx\/historico\/wp-json\/wp\/v2\/posts\/293289","targetHints":{"allow":["GET"]}}],"collection":[{"href":"https:\/\/plazajuarez.mx\/historico\/wp-json\/wp\/v2\/posts"}],"about":[{"href":"https:\/\/plazajuarez.mx\/historico\/wp-json\/wp\/v2\/types\/post"}],"author":[{"embeddable":true,"href":"https:\/\/plazajuarez.mx\/historico\/wp-json\/wp\/v2\/users\/73"}],"replies":[{"embeddable":true,"href":"https:\/\/plazajuarez.mx\/historico\/wp-json\/wp\/v2\/comments?post=293289"}],"version-history":[{"count":0,"href":"https:\/\/plazajuarez.mx\/historico\/wp-json\/wp\/v2\/posts\/293289\/revisions"}],"wp:featuredmedia":[{"embeddable":true,"href":"https:\/\/plazajuarez.mx\/historico\/wp-json\/wp\/v2\/media\/293290"}],"wp:attachment":[{"href":"https:\/\/plazajuarez.mx\/historico\/wp-json\/wp\/v2\/media?parent=293289"}],"wp:term":[{"taxonomy":"category","embeddable":true,"href":"https:\/\/plazajuarez.mx\/historico\/wp-json\/wp\/v2\/categories?post=293289"},{"taxonomy":"post_tag","embeddable":true,"href":"https:\/\/plazajuarez.mx\/historico\/wp-json\/wp\/v2\/tags?post=293289"}],"curies":[{"name":"wp","href":"https:\/\/api.w.org\/{rel}","templated":true}]}}