{"id":293258,"date":"2023-12-27T01:28:24","date_gmt":"2023-12-27T07:28:24","guid":{"rendered":"https:\/\/plazajuarez.mx\/?p=293258"},"modified":"2023-12-27T01:28:27","modified_gmt":"2023-12-27T07:28:27","slug":"el-gobernador-julio-menchaca-presentara-propuesta-de-seguridad-ante-la-conago","status":"publish","type":"post","link":"https:\/\/plazajuarez.mx\/historico\/el-gobernador-julio-menchaca-presentara-propuesta-de-seguridad-ante-la-conago\/","title":{"rendered":"El gobernador Julio Menchaca presentar\u00e1\u00a0propuesta de seguridad ante la Conago"},"content":{"rendered":"\n<p>La propuesta ya ha sido abordada con otras entidades integrantes de la Conago, por lo que el an\u00e1lisis y su posible aprobaci\u00f3n se dar\u00e1n en ambiente de cordialidad<\/p>\n\n\n\n<p>El secretario t\u00e9cnico del Despacho del Gobernador, Enrique L\u00f3pez Rivera, en su calidad de presidente de la Comisi\u00f3n de Justicia y Seguridad P\u00fablica de la Conferencia Nacional de Gobernadores (Conago), dio a conocer que el mandatario Julio Menchaca Salazar presentar\u00e1 ante este \u00f3rgano una iniciativa que busca reforzar los mecanismos de actuaci\u00f3n de las entidades federativas en materia de seguridad.<\/p>\n\n\n\n<p>Al abundar en su&nbsp; versi\u00f3n, el funcionario destac\u00f3: \u201cEl tema que se va a llevar a la Conago es que los gobiernos de los estados puedan combatir el flagelo del robo de hidrocarburo que, como todos saben, es una cuesti\u00f3n de la Guardia Nacional y que corresponde ese delito al nivel federal, pero queremos combatirlo desde el \u00e1mbito local para tener m\u00e1s herramientas y abonar a la tranquilidad y la seguridad de todos los estados, sobre todo los que sufren de este delito\u201d, resalt\u00f3 el funcionario estatal.<\/p>\n\n\n\n<p>Posteriormente agreg\u00f3 que esta propuesta ya ha sido abordada con otras entidades integrantes de la Conago, por lo que el an\u00e1lisis correspondiente y su posible aprobaci\u00f3n se dar\u00e1n en un ambiente de cordialidad, ya que el gobernador Menchaca ha demostrado trabajo previo que avala su experiencia en el tema.<\/p>\n\n\n\n<p>As\u00ed mismo a\u00f1adi\u00f3; \u201cLa relaci\u00f3n con el resto de las y los gobernadores fluye muy bien, pues el gobernador Julio Menchaca, con su antecedente laboral, que realiz\u00f3 en el Senado de la Rep\u00fablica, dentro de la Comisi\u00f3n de Justicia, le toc\u00f3 tambi\u00e9n efectuar trabajos donde logr\u00f3 muy buenos acuerdos, es un buen negociador y eso nos permite avanzar con distintos gobiernos\u201d.&nbsp;<\/p>\n\n\n\n<p>Enrique L\u00f3pez tambi\u00e9n puntualiz\u00f3; \u201cEl estado de Hidalgo ha logrado consolidar una relaci\u00f3n de coordinaci\u00f3n con otras entidades federativas, lo que contribuye al fortalecimiento de las pol\u00edticas p\u00fablicas que buscan atraer nuevos proyectos, entre los que destacan el cuidado al medio ambiente, la construcci\u00f3n de nuevas comunicaciones y la llegada de m\u00e1s inversiones\u201d.&nbsp;<\/p>\n\n\n\n<p>Finalmente, el secretario t\u00e9cnico del Despacho del Gobernador, adelant\u00f3 que el mandatario Julio Menchaca buscar\u00e1 que la siguiente sesi\u00f3n de la Conago, tenga como sede el estado de Hidalgo, por lo que propuesta deber\u00e1 ser evaluada para cuadrar las agendas con el resto de las y los representantes del Poder Ejecutivo a nivel estatal.<\/p>\n","protected":false},"excerpt":{"rendered":"<p>La propuesta ya ha sido abordada con otras entidades integrantes de la Conago, por lo que el an\u00e1lisis y su posible aprobaci\u00f3n se dar\u00e1n en ambiente de cordialidad El secretario t\u00e9cnico del Despacho del Gobernador, Enrique L\u00f3pez Rivera, en su calidad de presidente de la Comisi\u00f3n de Justicia y Seguridad P\u00fablica de la Conferencia Nacional [&hellip;]<\/p>\n","protected":false},"author":93,"featured_media":293259,"comment_status":"closed","ping_status":"closed","sticky":false,"template":"","format":"standard","meta":{"footnotes":""},"categories":[37,15],"tags":[],"class_list":["post-293258","post","type-post","status-publish","format-standard","has-post-thumbnail","hentry","category-barandilla","category-destacadas"],"_links":{"self":[{"href":"https:\/\/plazajuarez.mx\/historico\/wp-json\/wp\/v2\/posts\/293258","targetHints":{"allow":["GET"]}}],"collection":[{"href":"https:\/\/plazajuarez.mx\/historico\/wp-json\/wp\/v2\/posts"}],"about":[{"href":"https:\/\/plazajuarez.mx\/historico\/wp-json\/wp\/v2\/types\/post"}],"author":[{"embeddable":true,"href":"https:\/\/plazajuarez.mx\/historico\/wp-json\/wp\/v2\/users\/93"}],"replies":[{"embeddable":true,"href":"https:\/\/plazajuarez.mx\/historico\/wp-json\/wp\/v2\/comments?post=293258"}],"version-history":[{"count":0,"href":"https:\/\/plazajuarez.mx\/historico\/wp-json\/wp\/v2\/posts\/293258\/revisions"}],"wp:featuredmedia":[{"embeddable":true,"href":"https:\/\/plazajuarez.mx\/historico\/wp-json\/wp\/v2\/media\/293259"}],"wp:attachment":[{"href":"https:\/\/plazajuarez.mx\/historico\/wp-json\/wp\/v2\/media?parent=293258"}],"wp:term":[{"taxonomy":"category","embeddable":true,"href":"https:\/\/plazajuarez.mx\/historico\/wp-json\/wp\/v2\/categories?post=293258"},{"taxonomy":"post_tag","embeddable":true,"href":"https:\/\/plazajuarez.mx\/historico\/wp-json\/wp\/v2\/tags?post=293258"}],"curies":[{"name":"wp","href":"https:\/\/api.w.org\/{rel}","templated":true}]}}