{"id":293252,"date":"2023-12-27T01:19:53","date_gmt":"2023-12-27T07:19:53","guid":{"rendered":"https:\/\/plazajuarez.mx\/?p=293252"},"modified":"2023-12-27T01:19:57","modified_gmt":"2023-12-27T07:19:57","slug":"marino-que-estaba-amenazado-por-cjng-fue-ejecutado-a-balazos-en-san-salvador","status":"publish","type":"post","link":"https:\/\/plazajuarez.mx\/historico\/marino-que-estaba-amenazado-por-cjng-fue-ejecutado-a-balazos-en-san-salvador\/","title":{"rendered":"Marino que estaba amenazado por CJNG,\u00a0fue ejecutado a balazos, en San Salvador"},"content":{"rendered":"\n<p>Dos individuos que circulaban a bordo de una motocicleta, con armas de fuego de grueso calibre, a balazos perpetraron el crimen y se dieron a la fuga con rumbo desconocido<\/p>\n\n\n\n<p>Un miembro de la Secretar\u00eda de Marina, que se encontraba amenazado por el C\u00e1rtel Jalisco Nueva Generaci\u00f3n y estaba adscrito como comandante en la Fiscal\u00eda General del estado de Colima, fue ejecutado a balazos la tarde de este lunes, por dos presuntos sicarios que circulaban a bordo de una motocicleta en la colonia Pacheco de Allende del municipio de San Salvador, mismos que luego de perpetrar el crimen se dieron a la fuga sin dejar rastro de su paradero.<\/p>\n\n\n\n<p><strong>VECINOS REPORTARON AL 911 DE EMERGENCIAS, QUE ESCUCHARON VARIOS BALAZOS<\/strong><\/p>\n\n\n\n<p>El reporte oficial que se dio al respecto indica que fue al filo de las 13:00 horas de este lunes, cuando se alert\u00f3 al 911 de Emergencias, sobre que en la avenida 12 de diciembre, se hab\u00edan escuchado varias detonaciones de arma de fuego y de lejos se apreciaba a un hombre tirado e inerte.<\/p>\n\n\n\n<p><strong>EL MARINO FUE HALLADO TIRADO SOBRE LA BANQUETA YA SIN SIGNOS VITALES<\/strong><\/p>\n\n\n\n<p>Elementos polic\u00edacos que acudieron al lugar para tomar conocimiento refirieron que v\u00eda radio recibieron un reporte de Centro de Control y Mando de Tula, sobre una persona lesionada por impactos de arma de fuego, y al llegar localizaron a una persona del g\u00e9nero masculino tirado en la banqueta, con l\u00edquido hem\u00e1tico en el cuerpo y con p\u00e9rdida del conocimiento.<\/p>\n\n\n\n<p><strong>PARAM\u00c9DICOS DE PROTECCI\u00d3N CIVIL, CERTIFICARON EL DECESO DEL HOMBRE<\/strong><\/p>\n\n\n\n<p>Toc\u00f3 a param\u00e9dicos de Protecci\u00f3n Civil Municipal, el valorar al infortunado, por lo que terminaron por indicar que el hombre ya no contaba con signos vitales.<\/p>\n\n\n\n<p><strong>VECINOS IDENTIFICARON AL INFORTUNADO CON EL NOMBRE DE LEODEGARIO JES\u00daS<\/strong><\/p>\n\n\n\n<p>As\u00ed mismo trascendi\u00f3 que el infortunado en vida llevaba por nombre el de Leodegario J.P.A., mismo que hasta antes de fallecer contaba con 31 a\u00f1os de edad.<\/p>\n\n\n\n<p><strong>LOS AUTORES DEL CRIMEN LE DISPARARON DESDE UNA MOTOCICLETA EN MOVIMIENTO<\/strong><\/p>\n\n\n\n<p>Por versiones de curiosos que se encontraban en el lugar, se supo que los responsables del asesinato fueron dos masculinos que viajaban a bordo de una motocicleta color negro, en la que huyeron con direcci\u00f3n desconocida luego de asesinar al hombre que en vida pertenec\u00eda a las fuerzas castrenses.<\/p>\n\n\n\n<p><strong>PERTENEC\u00cdA A LA MARINA ARMADA DE M\u00c9XICO Y ESTABA COMISIONADO A LA FGR<\/strong><\/p>\n\n\n\n<p>De manera extraoficial, se sabe que el infortunado pertenec\u00eda a la Marina Armada de M\u00e9xico, con adscripci\u00f3n a la Fiscal\u00eda General de la Rep\u00fablica en el estado de Colima, respond\u00eda al nombre de Leodegario Jes\u00fas Pacheco Arteaga, mismo que fue ejecutado con disparos de arma de fuego en el exterior de un domicilio donde celebraban un convivio y estaba amenazado por miembros del C\u00e1rtel Jalisco Nueva Generaci\u00f3n.<\/p>\n\n\n\n<p><strong>LO AMENAZARON CON NARCO LONA, QUE COLGARON EN COLIMA CON SU FOTOGRAF\u00cdA<\/strong><\/p>\n\n\n\n<p>Adem\u00e1s, se descubri\u00f3 que Leodegario Jes\u00fas, fue se\u00f1alado con otro funcionario, en una narco lona con sus fotograf\u00edas, que habr\u00eda aparecido en d\u00edas pasados en un puente peatonal en la ciudad de Colima y en la que les ped\u00edan que regresar\u00e1n veh\u00edculos y muchas cosas m\u00e1s que presuntamente habr\u00edan robado.<\/p>\n\n\n\n<p><strong>SE SUPO QUE LEODEGARIO ERA ORIGINARIO DEL MUNICIPIO DE FRANCISCO I. MADERO<\/strong><\/p>\n\n\n\n<p>Pacheco Arteaga era originario del municipio de Francisco I. Madero y el presunto robo que habr\u00eda cometido con otro hombre identificado como Jos\u00e9 Roberto Rodr\u00edguez Bautista habr\u00eda ocurrido durante un cateo realizado en un domicilio particular en el poblado de Las Naranjas, donde desaparecieron varias camionetas de lujo, as\u00ed como 900 gallos, armas de fuego de grueso calibre, entre otras cosas m\u00e1s.<\/p>\n\n\n\n<p><strong>EN EL MENSAJE EN SU CONTRA, LES PIDEN QUE DEVUELVAN LO QUE SE ROBARON<\/strong><\/p>\n\n\n\n<p>El mensaje que apareci\u00f3 en un narco mensaje en contra de Leodegario y Jos\u00e9 Roberto refiere; \u201cDevuelvan lo que se robaron, Leodegario Jes\u00fas Pacheco Arteaga comandante, Jos\u00e9 Roberto Rodr\u00edguez Bautista Bautista\u201d, as\u00ed mismo se destaca que ambos son elementos de la marina, l\u00edderes de la narco polic\u00eda y se refiere que robaron veh\u00edculos y otros art\u00edculos m\u00e1s el 27 de noviembre luego de haber ingresado a un domicilio en el estado de Jalisco.<\/p>\n\n\n\n<p><strong>LES RECLAMARON CINCO VEH\u00cdCULOS, DOS MOTOCICLETAS Y OTRAS COSAS M\u00c1S<\/strong><\/p>\n\n\n\n<p>Presuntamente los dos marinos, habr\u00edan robado un cami\u00f3n Chevrolet 2019, una camioneta Tornado 2021, un Jetta 2019, una camioneta Bronco 2022, dos motocicletas Honda 150 de trabajo y otros art\u00edculos m\u00e1s, como cilindros de gas, cama, colchones, electrodom\u00e9sticos, refrigeradores y ropa entre otros art\u00edculos m\u00e1s.<\/p>\n","protected":false},"excerpt":{"rendered":"<p>Dos individuos que circulaban a bordo de una motocicleta, con armas de fuego de grueso calibre, a balazos perpetraron el crimen y se dieron a la fuga con rumbo desconocido Un miembro de la Secretar\u00eda de Marina, que se encontraba amenazado por el C\u00e1rtel Jalisco Nueva Generaci\u00f3n y estaba adscrito como comandante en la Fiscal\u00eda [&hellip;]<\/p>\n","protected":false},"author":93,"featured_media":293253,"comment_status":"closed","ping_status":"closed","sticky":false,"template":"","format":"standard","meta":{"footnotes":""},"categories":[37],"tags":[],"class_list":["post-293252","post","type-post","status-publish","format-standard","has-post-thumbnail","hentry","category-barandilla"],"_links":{"self":[{"href":"https:\/\/plazajuarez.mx\/historico\/wp-json\/wp\/v2\/posts\/293252","targetHints":{"allow":["GET"]}}],"collection":[{"href":"https:\/\/plazajuarez.mx\/historico\/wp-json\/wp\/v2\/posts"}],"about":[{"href":"https:\/\/plazajuarez.mx\/historico\/wp-json\/wp\/v2\/types\/post"}],"author":[{"embeddable":true,"href":"https:\/\/plazajuarez.mx\/historico\/wp-json\/wp\/v2\/users\/93"}],"replies":[{"embeddable":true,"href":"https:\/\/plazajuarez.mx\/historico\/wp-json\/wp\/v2\/comments?post=293252"}],"version-history":[{"count":0,"href":"https:\/\/plazajuarez.mx\/historico\/wp-json\/wp\/v2\/posts\/293252\/revisions"}],"wp:featuredmedia":[{"embeddable":true,"href":"https:\/\/plazajuarez.mx\/historico\/wp-json\/wp\/v2\/media\/293253"}],"wp:attachment":[{"href":"https:\/\/plazajuarez.mx\/historico\/wp-json\/wp\/v2\/media?parent=293252"}],"wp:term":[{"taxonomy":"category","embeddable":true,"href":"https:\/\/plazajuarez.mx\/historico\/wp-json\/wp\/v2\/categories?post=293252"},{"taxonomy":"post_tag","embeddable":true,"href":"https:\/\/plazajuarez.mx\/historico\/wp-json\/wp\/v2\/tags?post=293252"}],"curies":[{"name":"wp","href":"https:\/\/api.w.org\/{rel}","templated":true}]}}