{"id":292953,"date":"2023-12-23T05:20:00","date_gmt":"2023-12-23T11:20:00","guid":{"rendered":"https:\/\/plazajuarez.mx\/?p=292953"},"modified":"2023-12-23T00:49:44","modified_gmt":"2023-12-23T06:49:44","slug":"totem-duplicado","status":"publish","type":"post","link":"https:\/\/plazajuarez.mx\/historico\/totem-duplicado\/","title":{"rendered":"T\u00f3tem duplicado"},"content":{"rendered":"\n<h2 class=\"wp-block-heading\">CINE DE HOY<\/h2>\n\n\n\n<p>En esta ocasi\u00f3n vamos a hablar del segundo largometraje de Liliana Avil\u00e9s, \u201cT\u00f3tem\u201d, el cual est\u00e1 en las preselecciones para el Oscar.<\/p>\n\n\n\n<p>Durante las funciones de prensa del FICUNAM en el Museo del Chopo, vimos un interesante documental titulado T\u00f3tem, pero nos sorprendi\u00f3 el revuelo que caus\u00f3 y que la Academia Mexicana de Artes y Ciencias Cinematogr\u00e1ficas la seleccion\u00f3 para competir por el Oscar.<\/p>\n\n\n\n<p>El equ\u00edvoco qued\u00f3 aclarado cuando nos percatamos que el que hab\u00edamos visto es un trabajo de la Unidad de Montaje Dial\u00e9ctico, mientras el otro es el segundo largometraje de Liliana Avil\u00e9s, la talentosa directora de \u201cLa camarista\u201d.<\/p>\n\n\n\n<p>El guion de la propia realizadora narra el punto de vista de Sol (Naima Sent\u00edes), una ni\u00f1a de siete a\u00f1os que asiste a la fiesta de cumplea\u00f1os de su padre Tonatiuh (Mateo Garc\u00eda), un pintor con c\u00e1ncer en estado terminal, que vive con su familia, que ante la falta de recursos han decidido organizarle una fiesta-evento de caridad, con la que recaudar\u00e1n fondos para darle cuidados paliativos.<\/p>\n\n\n\n<p>Sol ha sido disfrazada de payasito por su madre actriz Luc\u00eda (Izauza Larios), a quien confiesa que su \u00fanico deseo es \u201cque su padre no se muera\u201d.<\/p>\n\n\n\n<p>La peque\u00f1a asiste a los preparativos de la fiesta, que incluyen los pleitos constantes entre las hermanas, una ceremonia de limpia y las maniobras de Cruz (Teresa S\u00e1nchez) para cuidar al enfermo.<\/p>\n\n\n\n<p>Como en su filme de debut, Avil\u00e9s retrata las conflictivas relaciones personales y los problemas de dinero, vistos desde los inocentes ojos de una ni\u00f1a que ignora las intrigas y los hechos mezquinos.<\/p>\n\n\n\n<p>T\u00f3tem resulta pues un filme ins\u00f3lito, al que le vemos pocas posibilidades ante la \u00f3ptica hollywoodense.&nbsp;<\/p>\n\n\n\n<p>Dato: Como en su filme de debut, Avil\u00e9s retrata las conflictivas relaciones personales y los problemas de dinero, vistos desde los inocentes ojos de una ni\u00f1a<\/p>\n","protected":false},"excerpt":{"rendered":"<p>CINE DE HOY En esta ocasi\u00f3n vamos a hablar del segundo largometraje de Liliana Avil\u00e9s, \u201cT\u00f3tem\u201d, el cual est\u00e1 en las preselecciones para el Oscar. Durante las funciones de prensa del FICUNAM en el Museo del Chopo, vimos un interesante documental titulado T\u00f3tem, pero nos sorprendi\u00f3 el revuelo que caus\u00f3 y que la Academia Mexicana [&hellip;]<\/p>\n","protected":false},"author":96,"featured_media":247288,"comment_status":"closed","ping_status":"closed","sticky":false,"template":"","format":"standard","meta":{"footnotes":""},"categories":[41,54,42],"tags":[],"class_list":["post-292953","post","type-post","status-publish","format-standard","has-post-thumbnail","hentry","category-arteria-cultural","category-jorge-carrasco","category-nuestrapalabra"],"_links":{"self":[{"href":"https:\/\/plazajuarez.mx\/historico\/wp-json\/wp\/v2\/posts\/292953","targetHints":{"allow":["GET"]}}],"collection":[{"href":"https:\/\/plazajuarez.mx\/historico\/wp-json\/wp\/v2\/posts"}],"about":[{"href":"https:\/\/plazajuarez.mx\/historico\/wp-json\/wp\/v2\/types\/post"}],"author":[{"embeddable":true,"href":"https:\/\/plazajuarez.mx\/historico\/wp-json\/wp\/v2\/users\/96"}],"replies":[{"embeddable":true,"href":"https:\/\/plazajuarez.mx\/historico\/wp-json\/wp\/v2\/comments?post=292953"}],"version-history":[{"count":0,"href":"https:\/\/plazajuarez.mx\/historico\/wp-json\/wp\/v2\/posts\/292953\/revisions"}],"wp:featuredmedia":[{"embeddable":true,"href":"https:\/\/plazajuarez.mx\/historico\/wp-json\/wp\/v2\/media\/247288"}],"wp:attachment":[{"href":"https:\/\/plazajuarez.mx\/historico\/wp-json\/wp\/v2\/media?parent=292953"}],"wp:term":[{"taxonomy":"category","embeddable":true,"href":"https:\/\/plazajuarez.mx\/historico\/wp-json\/wp\/v2\/categories?post=292953"},{"taxonomy":"post_tag","embeddable":true,"href":"https:\/\/plazajuarez.mx\/historico\/wp-json\/wp\/v2\/tags?post=292953"}],"curies":[{"name":"wp","href":"https:\/\/api.w.org\/{rel}","templated":true}]}}