{"id":292950,"date":"2023-12-23T05:20:00","date_gmt":"2023-12-23T11:20:00","guid":{"rendered":"https:\/\/plazajuarez.mx\/?p=292950"},"modified":"2023-12-23T00:35:50","modified_gmt":"2023-12-23T06:35:50","slug":"juez-vinculo-a-proceso-a-cuatro-por-trafico-de-armas-y-delincuencia-organizada","status":"publish","type":"post","link":"https:\/\/plazajuarez.mx\/historico\/juez-vinculo-a-proceso-a-cuatro-por-trafico-de-armas-y-delincuencia-organizada\/","title":{"rendered":"Juez vincul\u00f3 a proceso a cuatro por tr\u00e1fico de armas y delincuencia organizada"},"content":{"rendered":"\n<p>Mediante la presentaci\u00f3n de suficientes datos de prueba, durante las \u00faltimas horas la Fiscal\u00eda General de la Rep\u00fablica (FGR), a trav\u00e9s de la Fiscal\u00eda Especializada en materia de Delincuencia Organizada (FEMDO), obtuvo la vinculaci\u00f3n a proceso en contra de cuatro hombres por su probable responsabilidad en la comisi\u00f3n de los delitos de delincuencia organizada con la finalidad de cometer delitos contra la salud, en su modalidad de tr\u00e1fico de narc\u00f3ticos, y tr\u00e1fico de armas.<\/p>\n\n\n\n<p>Del caso, con la emisi\u00f3n de un comunicado oficial, se record\u00f3 que fueron elementos de la Polic\u00eda Federal Ministerial (PFM), de la Agencia de Investigaci\u00f3n Criminal (AIC), los qu\u00e9 durante el mes de diciembre de 2022, cumplimentaron la orden de aprehensi\u00f3n en Nogales, Sonora que fue emitida en contra de los cuatro imputados.<\/p>\n\n\n\n<p>El cumplimiento de los mandatos judiciales se dio en contra de quienes se identificaron como Kevin \u201cE\u201d y Miguel \u201cS\u201d, por los delitos referidos, con funciones de direcci\u00f3n o administraci\u00f3n, y en contra de Mario \u201cF\u201d y Jovani \u201cG\u201d, por las mismas conductas delictivas, pero sin las agravantes de direcci\u00f3n o administraci\u00f3n.<\/p>\n\n\n\n<p>De ello se estableci\u00f3, que el Juez de Control adscrito al Centro de Justicia Penal Federal en Hermosillo, Sonora, despu\u00e9s de que la defensa de los imputados se acogi\u00f3 a diversos recursos, los vincul\u00f3 a proceso y les impuso la medida cautelar de prisi\u00f3n preventiva justificada, por lo que Kevin \u201cE\u201d, Miguel \u201cS\u201d y Mario \u201cF\u201d, fueron ingresados al Centro Federal de Readaptaci\u00f3n Social n\u00famero 11.<\/p>\n\n\n\n<p>Adem\u00e1s, se inform\u00f3 que en el caso de Jovani \u201cG\u201d, a \u00e9l se le cumpliment\u00f3 la orden de aprehensi\u00f3n por reclusi\u00f3n en el Centro de Reinserci\u00f3n Social II del Sistema Penal en Nogales, Sonora, en donde se encontraba preso por una causa penal ajena a la imputaci\u00f3n que realiza actualmente la Fiscal\u00eda. Finalmente, el juzgador que lleva la causa tras el an\u00e1lisis de las aportaciones de los datos de prueba, decidi\u00f3 fijar a los cuatro vinculados a proceso, el periodo de tres meses para el cierre de la investigaci\u00f3n complementaria.<\/p>\n","protected":false},"excerpt":{"rendered":"<p>Mediante la presentaci\u00f3n de suficientes datos de prueba, durante las \u00faltimas horas la Fiscal\u00eda General de la Rep\u00fablica (FGR), a trav\u00e9s de la Fiscal\u00eda Especializada en materia de Delincuencia Organizada (FEMDO), obtuvo la vinculaci\u00f3n a proceso en contra de cuatro hombres por su probable responsabilidad en la comisi\u00f3n de los delitos de delincuencia organizada con [&hellip;]<\/p>\n","protected":false},"author":93,"featured_media":292951,"comment_status":"closed","ping_status":"closed","sticky":false,"template":"","format":"standard","meta":{"footnotes":""},"categories":[37],"tags":[],"class_list":["post-292950","post","type-post","status-publish","format-standard","has-post-thumbnail","hentry","category-barandilla"],"_links":{"self":[{"href":"https:\/\/plazajuarez.mx\/historico\/wp-json\/wp\/v2\/posts\/292950","targetHints":{"allow":["GET"]}}],"collection":[{"href":"https:\/\/plazajuarez.mx\/historico\/wp-json\/wp\/v2\/posts"}],"about":[{"href":"https:\/\/plazajuarez.mx\/historico\/wp-json\/wp\/v2\/types\/post"}],"author":[{"embeddable":true,"href":"https:\/\/plazajuarez.mx\/historico\/wp-json\/wp\/v2\/users\/93"}],"replies":[{"embeddable":true,"href":"https:\/\/plazajuarez.mx\/historico\/wp-json\/wp\/v2\/comments?post=292950"}],"version-history":[{"count":0,"href":"https:\/\/plazajuarez.mx\/historico\/wp-json\/wp\/v2\/posts\/292950\/revisions"}],"wp:featuredmedia":[{"embeddable":true,"href":"https:\/\/plazajuarez.mx\/historico\/wp-json\/wp\/v2\/media\/292951"}],"wp:attachment":[{"href":"https:\/\/plazajuarez.mx\/historico\/wp-json\/wp\/v2\/media?parent=292950"}],"wp:term":[{"taxonomy":"category","embeddable":true,"href":"https:\/\/plazajuarez.mx\/historico\/wp-json\/wp\/v2\/categories?post=292950"},{"taxonomy":"post_tag","embeddable":true,"href":"https:\/\/plazajuarez.mx\/historico\/wp-json\/wp\/v2\/tags?post=292950"}],"curies":[{"name":"wp","href":"https:\/\/api.w.org\/{rel}","templated":true}]}}