{"id":292854,"date":"2023-12-22T02:51:42","date_gmt":"2023-12-22T08:51:42","guid":{"rendered":"https:\/\/plazajuarez.mx\/?p=292854"},"modified":"2023-12-22T02:51:45","modified_gmt":"2023-12-22T08:51:45","slug":"familia-mexicana","status":"publish","type":"post","link":"https:\/\/plazajuarez.mx\/historico\/familia-mexicana\/","title":{"rendered":"Familia mexicana"},"content":{"rendered":"\n<h2 class=\"wp-block-heading\">CINE DE HOY<\/h2>\n\n\n\n<p>En esta ocasi\u00f3n vamos a hablar de \u201cFamilia\u201d de Rodrigo Garc\u00eda, filme en el cual Leo, un exitoso empresario, convoca a su familia para ver si vende la finca familiar en Valle de Guadalupe<\/p>\n\n\n\n<p>El director colombiano, Rodrigo Garc\u00eda, hijo del Premio Nobel de Literatura Gabriel Garc\u00eda M\u00e1rquez, tiene una s\u00f3lida carrera&nbsp; mayormente en Estados Unidos con cintas como \u201cNueve vidas\u201d, \u201cMadres e hijas\u201d, \u201cAlbert Nobbs\u201d y muchas m\u00e1s.<\/p>\n\n\n\n<p>Curiosamente nunca hab\u00eda dirigido en M\u00e9xico y por ello ten\u00edamos mucho inter\u00e9s de ver \u201cFamilia\u201d, que se exhibe actualmente en la Cineteca Nacional, pero que tambi\u00e9n se puede ver en la plataforma Netflix.<\/p>\n\n\n\n<p>El gui\u00f3n del propio realizador y B\u00e1rbara Colio, narra la historia de Leo (un espl\u00e9ndido Daniel Gim\u00e9nez Cacho) que convoca a sus tres hijas a un fin de semana en la finca familiar en Valle de Guadalupe para decidir si la venden o no.<\/p>\n\n\n\n<p>Rebeca (Ilse Salas) es una exitosa cirujana casada con un gringo y con dos cuates adolescentes; Julia (Casandra Ciangherotti) tiene una crisis matrimonial, tras una infidelidad, y la lesbiana Mariana (Natalia Soli\u00e1n) llega embarazada con una pareja espa\u00f1ola.<\/p>\n\n\n\n<p>Leo es un viudo maduro que trata de rehacer su vida con la guapa Clara (Maribel Verd\u00fa) y su hijo con S\u00edndrome de Down Benny (Ricardo Selmen).<\/p>\n\n\n\n<p>En un universo machista sorprende encontrar a un personaje como Leo, capaz de querer y comprender a sus hijas que cual torbellino, arrasan con todo a su paso.<\/p>\n\n\n\n<p>\u201cFamilia\u201d resulta pues, un melodrama recomendable, con un reparto espl\u00e9ndido que no hay que perderse.<\/p>\n","protected":false},"excerpt":{"rendered":"<p>CINE DE HOY En esta ocasi\u00f3n vamos a hablar de \u201cFamilia\u201d de Rodrigo Garc\u00eda, filme en el cual Leo, un exitoso empresario, convoca a su familia para ver si vende la finca familiar en Valle de Guadalupe El director colombiano, Rodrigo Garc\u00eda, hijo del Premio Nobel de Literatura Gabriel Garc\u00eda M\u00e1rquez, tiene una s\u00f3lida carrera&nbsp; [&hellip;]<\/p>\n","protected":false},"author":96,"featured_media":247288,"comment_status":"closed","ping_status":"closed","sticky":false,"template":"","format":"standard","meta":{"footnotes":""},"categories":[41,54,42],"tags":[],"class_list":["post-292854","post","type-post","status-publish","format-standard","has-post-thumbnail","hentry","category-arteria-cultural","category-jorge-carrasco","category-nuestrapalabra"],"_links":{"self":[{"href":"https:\/\/plazajuarez.mx\/historico\/wp-json\/wp\/v2\/posts\/292854","targetHints":{"allow":["GET"]}}],"collection":[{"href":"https:\/\/plazajuarez.mx\/historico\/wp-json\/wp\/v2\/posts"}],"about":[{"href":"https:\/\/plazajuarez.mx\/historico\/wp-json\/wp\/v2\/types\/post"}],"author":[{"embeddable":true,"href":"https:\/\/plazajuarez.mx\/historico\/wp-json\/wp\/v2\/users\/96"}],"replies":[{"embeddable":true,"href":"https:\/\/plazajuarez.mx\/historico\/wp-json\/wp\/v2\/comments?post=292854"}],"version-history":[{"count":0,"href":"https:\/\/plazajuarez.mx\/historico\/wp-json\/wp\/v2\/posts\/292854\/revisions"}],"wp:featuredmedia":[{"embeddable":true,"href":"https:\/\/plazajuarez.mx\/historico\/wp-json\/wp\/v2\/media\/247288"}],"wp:attachment":[{"href":"https:\/\/plazajuarez.mx\/historico\/wp-json\/wp\/v2\/media?parent=292854"}],"wp:term":[{"taxonomy":"category","embeddable":true,"href":"https:\/\/plazajuarez.mx\/historico\/wp-json\/wp\/v2\/categories?post=292854"},{"taxonomy":"post_tag","embeddable":true,"href":"https:\/\/plazajuarez.mx\/historico\/wp-json\/wp\/v2\/tags?post=292854"}],"curies":[{"name":"wp","href":"https:\/\/api.w.org\/{rel}","templated":true}]}}