{"id":292595,"date":"2023-12-19T18:20:21","date_gmt":"2023-12-20T00:20:21","guid":{"rendered":"https:\/\/plazajuarez.mx\/?p=292595"},"modified":"2023-12-19T18:20:23","modified_gmt":"2023-12-20T00:20:23","slug":"fuegos-artificiales-ocasionan-la-quema-de-dos-vehiculos","status":"publish","type":"post","link":"https:\/\/plazajuarez.mx\/historico\/fuegos-artificiales-ocasionan-la-quema-de-dos-vehiculos\/","title":{"rendered":"Fuegos artificiales, ocasionan la quema de dos veh\u00edculos"},"content":{"rendered":"\n<p>Apan, Hgo.- Dos veh\u00edculos resultan quemados debido a la ca\u00edda de fuegos artificiales.<\/p>\n\n\n\n<p>Los hechos que fueron reportados a la comandancia de Seguridad P\u00fablica municipal de Apan, v\u00eda telef\u00f3nica, en donde solicitaban el apoyo de unidades de auxilio, ya que al interior de un taller mec\u00e1nico se estaba quemando.<\/p>\n\n\n\n<p>Tras la llamada de auxilio, acudieron elementos de cuerpo de Bomberos del municipio, a la calle Veracruz de la colonia Loma Bonita, en donde se estaba sucitando la quema de dos unidades motrices.<\/p>\n\n\n\n<p>Una vez que los Bomberos, acudieron al citado taller, y controlando el incendio d estos dos veh\u00edculos, el due\u00f1o del taller, menciono que el fuego fue producido por varios ni\u00f1os que jugaban al exterior con cohetes, y que varios de ellos cayeron dentro del taller, encima de restos, lo que provoc\u00f3 que se quemar\u00e1n en su totalidad.<\/p>\n\n\n\n<p>El due\u00f1o del taller que responde al nombre de Guillermo OR, se\u00f1al\u00f3 que durante el inicio del incendio hab\u00eda salido del taller, el cual este estaba solo, y que le avisaron que del interior sal\u00eda humo, por lo que al acudir, vio que el fuego estaba consumiendo una camioneta tipo Jeep, y un autom\u00f3vil Pointer, por lo que solicito la presencia de los Bomberos.<\/p>\n\n\n\n<p>Asimismo, dijo que cuando sali\u00f3 del taller, hab\u00eda varios ni\u00f1os jugando con cohetes, y que posiblemente alguno cay\u00f3 al interior del taller<\/p>\n\n\n\n<p>Tambi\u00e9n dijo que este Incendio no fue provocado, por lo que el se har\u00eda cargo del pago de las dos unidades a los due\u00f1os de ellas, ya que fue perdida total, adem\u00e1s de que no interpondr\u00e1 denuncia penal alguna<\/p>\n","protected":false},"excerpt":{"rendered":"<p>Apan, Hgo.- Dos veh\u00edculos resultan quemados debido a la ca\u00edda de fuegos artificiales. Los hechos que fueron reportados a la comandancia de Seguridad P\u00fablica municipal de Apan, v\u00eda telef\u00f3nica, en donde solicitaban el apoyo de unidades de auxilio, ya que al interior de un taller mec\u00e1nico se estaba quemando. Tras la llamada de auxilio, acudieron [&hellip;]<\/p>\n","protected":false},"author":93,"featured_media":292597,"comment_status":"closed","ping_status":"closed","sticky":false,"template":"","format":"standard","meta":{"footnotes":""},"categories":[37,15,40],"tags":[],"class_list":["post-292595","post","type-post","status-publish","format-standard","has-post-thumbnail","hentry","category-barandilla","category-destacadas","category-region"],"_links":{"self":[{"href":"https:\/\/plazajuarez.mx\/historico\/wp-json\/wp\/v2\/posts\/292595","targetHints":{"allow":["GET"]}}],"collection":[{"href":"https:\/\/plazajuarez.mx\/historico\/wp-json\/wp\/v2\/posts"}],"about":[{"href":"https:\/\/plazajuarez.mx\/historico\/wp-json\/wp\/v2\/types\/post"}],"author":[{"embeddable":true,"href":"https:\/\/plazajuarez.mx\/historico\/wp-json\/wp\/v2\/users\/93"}],"replies":[{"embeddable":true,"href":"https:\/\/plazajuarez.mx\/historico\/wp-json\/wp\/v2\/comments?post=292595"}],"version-history":[{"count":0,"href":"https:\/\/plazajuarez.mx\/historico\/wp-json\/wp\/v2\/posts\/292595\/revisions"}],"wp:featuredmedia":[{"embeddable":true,"href":"https:\/\/plazajuarez.mx\/historico\/wp-json\/wp\/v2\/media\/292597"}],"wp:attachment":[{"href":"https:\/\/plazajuarez.mx\/historico\/wp-json\/wp\/v2\/media?parent=292595"}],"wp:term":[{"taxonomy":"category","embeddable":true,"href":"https:\/\/plazajuarez.mx\/historico\/wp-json\/wp\/v2\/categories?post=292595"},{"taxonomy":"post_tag","embeddable":true,"href":"https:\/\/plazajuarez.mx\/historico\/wp-json\/wp\/v2\/tags?post=292595"}],"curies":[{"name":"wp","href":"https:\/\/api.w.org\/{rel}","templated":true}]}}