{"id":292575,"date":"2023-12-19T06:20:33","date_gmt":"2023-12-19T12:20:33","guid":{"rendered":"https:\/\/plazajuarez.mx\/?p=292575"},"modified":"2023-12-19T06:20:35","modified_gmt":"2023-12-19T12:20:35","slug":"instalacion-de-semaforos-sonoros-sera-contemplado-en-la-ley","status":"publish","type":"post","link":"https:\/\/plazajuarez.mx\/historico\/instalacion-de-semaforos-sonoros-sera-contemplado-en-la-ley\/","title":{"rendered":"Instalaci\u00f3n de sem\u00e1foros sonoros ser\u00e1 contemplado en la ley"},"content":{"rendered":"\n<p>Con el objetivo de implementar en las vialidades, intersecciones y cruces peatonales con mayor afluencia de la entidad, el uso de sem\u00e1foros sonoros o auditivos, con el prop\u00f3sito de garantizar y facilitar el derecho a la movilidad de las personas con discapacidades visuales, otorgando mayor seguridad y un desplazamiento aut\u00f3nomo, independiente, f\u00e1cil y seguro, los integrantes de la 65 Legislatura aprobaron reformas a la Ley Integral para las Personas con Discapacidad.<\/p>\n\n\n\n<p>Por lo anterior, de manera progresiva y conforme a la suficiencia presupuestal, se deber\u00e1 garantizar que las intersecciones y cruces peatonales cercanos a los centros educativos, de salud, culturales, comerciales y de recreaci\u00f3n, cuenten con sem\u00e1foros sonoros, con el prop\u00f3sito de facilitar la movilidad de las personas con discapacidad visual.<\/p>\n\n\n\n<p>De igual forma, las dependencias gubernamentales deber\u00e1n promover la instalaci\u00f3n y operaci\u00f3n de sem\u00e1foros sonoros en los cruces peatonales e intersecciones con mayor afluencia en la entidad, de acuerdo a su suficiencia presupuestal, as\u00ed como la elaboraci\u00f3n y ejecuci\u00f3n de programas y acciones de instalaci\u00f3n o actualizaci\u00f3n de sem\u00e1foros peatonales sonoros, a efecto de garantizar el derecho a la movilidad de las personas con discapacidad.<\/p>\n","protected":false},"excerpt":{"rendered":"<p>Con el objetivo de implementar en las vialidades, intersecciones y cruces peatonales con mayor afluencia de la entidad, el uso de sem\u00e1foros sonoros o auditivos, con el prop\u00f3sito de garantizar y facilitar el derecho a la movilidad de las personas con discapacidades visuales, otorgando mayor seguridad y un desplazamiento aut\u00f3nomo, independiente, f\u00e1cil y seguro, los [&hellip;]<\/p>\n","protected":false},"author":72,"featured_media":292576,"comment_status":"closed","ping_status":"closed","sticky":false,"template":"","format":"standard","meta":{"footnotes":""},"categories":[15,59],"tags":[],"class_list":["post-292575","post","type-post","status-publish","format-standard","has-post-thumbnail","hentry","category-destacadas","category-general"],"_links":{"self":[{"href":"https:\/\/plazajuarez.mx\/historico\/wp-json\/wp\/v2\/posts\/292575","targetHints":{"allow":["GET"]}}],"collection":[{"href":"https:\/\/plazajuarez.mx\/historico\/wp-json\/wp\/v2\/posts"}],"about":[{"href":"https:\/\/plazajuarez.mx\/historico\/wp-json\/wp\/v2\/types\/post"}],"author":[{"embeddable":true,"href":"https:\/\/plazajuarez.mx\/historico\/wp-json\/wp\/v2\/users\/72"}],"replies":[{"embeddable":true,"href":"https:\/\/plazajuarez.mx\/historico\/wp-json\/wp\/v2\/comments?post=292575"}],"version-history":[{"count":0,"href":"https:\/\/plazajuarez.mx\/historico\/wp-json\/wp\/v2\/posts\/292575\/revisions"}],"wp:featuredmedia":[{"embeddable":true,"href":"https:\/\/plazajuarez.mx\/historico\/wp-json\/wp\/v2\/media\/292576"}],"wp:attachment":[{"href":"https:\/\/plazajuarez.mx\/historico\/wp-json\/wp\/v2\/media?parent=292575"}],"wp:term":[{"taxonomy":"category","embeddable":true,"href":"https:\/\/plazajuarez.mx\/historico\/wp-json\/wp\/v2\/categories?post=292575"},{"taxonomy":"post_tag","embeddable":true,"href":"https:\/\/plazajuarez.mx\/historico\/wp-json\/wp\/v2\/tags?post=292575"}],"curies":[{"name":"wp","href":"https:\/\/api.w.org\/{rel}","templated":true}]}}