{"id":292526,"date":"2023-12-19T05:46:45","date_gmt":"2023-12-19T11:46:45","guid":{"rendered":"https:\/\/plazajuarez.mx\/?p=292526"},"modified":"2023-12-19T05:46:47","modified_gmt":"2023-12-19T11:46:47","slug":"aaron-charrez-se-alista-para-tomar-protesta","status":"publish","type":"post","link":"https:\/\/plazajuarez.mx\/historico\/aaron-charrez-se-alista-para-tomar-protesta\/","title":{"rendered":"Aar\u00f3n Charrez se alista para tomar protesta\u00a0"},"content":{"rendered":"\n<p><strong>IXMIQUILPAN<\/strong>. Despu\u00e9s del 20 de diciembre, concluye el permiso que tiene el diputado Edgar \u201cN\u201d, actualmente recluido en el Centro de Reinserci\u00f3n Social (Cereso) de Pachuca, por lo que su suplente,Aar\u00f3n Charrez, ya no est\u00e1 impedido para asumir este cargo.\u00a0<\/p>\n\n\n\n<p>De acuerdo a su organizaci\u00f3n, Movimiento Social Patri\u00f3tico (MSP), se est\u00e1 a la espera de la conclusi\u00f3n de esta licencia, el pr\u00f3ximo mi\u00e9rcoles, lo que ya no le impedir\u00eda ning\u00fan aspecto para poder asumir la suplencia.&nbsp;<\/p>\n\n\n\n<p>En septiembre de este a\u00f1o, el diputado suplente, envi\u00f3 una carta al congreso del estado, para solicitar su incorporaci\u00f3n al poder legislativo, sin embargo, debido a una licencia de 50 d\u00edas a Edgar \u201cN\u201d, no se le pudo tomar protesta.&nbsp;<\/p>\n\n\n\n<p>Cabe se\u00f1alar, que el legislador suplente, renunci\u00f3 a su trabajo en la presidencia municipal donde laboraba en el \u00e1rea de servicios p\u00fablicos. Su salida del ayuntamiento, se dio tras la detenci\u00f3n del legislador local, quien actualmente se encuentra vinculado a proceso.&nbsp;<\/p>\n\n\n\n<p>Actualmente, el diputado suplente, ha realizado algunas apariciones p\u00fablicas en eventos que han sido encabezados por su t\u00edo, el ex legislador federal, Cipriano Charrez, en los municipios que conforman el distrito de Ixmiquilpan.&nbsp;<\/p>\n","protected":false},"excerpt":{"rendered":"<p>IXMIQUILPAN. Despu\u00e9s del 20 de diciembre, concluye el permiso que tiene el diputado Edgar \u201cN\u201d, actualmente recluido en el Centro de Reinserci\u00f3n Social (Cereso) de Pachuca, por lo que su suplente,Aar\u00f3n Charrez, ya no est\u00e1 impedido para asumir este cargo.\u00a0 De acuerdo a su organizaci\u00f3n, Movimiento Social Patri\u00f3tico (MSP), se est\u00e1 a la espera de [&hellip;]<\/p>\n","protected":false},"author":75,"featured_media":292527,"comment_status":"closed","ping_status":"closed","sticky":false,"template":"","format":"standard","meta":{"footnotes":""},"categories":[40],"tags":[],"class_list":["post-292526","post","type-post","status-publish","format-standard","has-post-thumbnail","hentry","category-region"],"_links":{"self":[{"href":"https:\/\/plazajuarez.mx\/historico\/wp-json\/wp\/v2\/posts\/292526","targetHints":{"allow":["GET"]}}],"collection":[{"href":"https:\/\/plazajuarez.mx\/historico\/wp-json\/wp\/v2\/posts"}],"about":[{"href":"https:\/\/plazajuarez.mx\/historico\/wp-json\/wp\/v2\/types\/post"}],"author":[{"embeddable":true,"href":"https:\/\/plazajuarez.mx\/historico\/wp-json\/wp\/v2\/users\/75"}],"replies":[{"embeddable":true,"href":"https:\/\/plazajuarez.mx\/historico\/wp-json\/wp\/v2\/comments?post=292526"}],"version-history":[{"count":0,"href":"https:\/\/plazajuarez.mx\/historico\/wp-json\/wp\/v2\/posts\/292526\/revisions"}],"wp:featuredmedia":[{"embeddable":true,"href":"https:\/\/plazajuarez.mx\/historico\/wp-json\/wp\/v2\/media\/292527"}],"wp:attachment":[{"href":"https:\/\/plazajuarez.mx\/historico\/wp-json\/wp\/v2\/media?parent=292526"}],"wp:term":[{"taxonomy":"category","embeddable":true,"href":"https:\/\/plazajuarez.mx\/historico\/wp-json\/wp\/v2\/categories?post=292526"},{"taxonomy":"post_tag","embeddable":true,"href":"https:\/\/plazajuarez.mx\/historico\/wp-json\/wp\/v2\/tags?post=292526"}],"curies":[{"name":"wp","href":"https:\/\/api.w.org\/{rel}","templated":true}]}}