{"id":292518,"date":"2023-12-19T03:36:31","date_gmt":"2023-12-19T09:36:31","guid":{"rendered":"https:\/\/plazajuarez.mx\/?p=292518"},"modified":"2023-12-19T03:36:34","modified_gmt":"2023-12-19T09:36:34","slug":"galvez-suma-nueva-vocera-impulsada-con-ia","status":"publish","type":"post","link":"https:\/\/plazajuarez.mx\/historico\/galvez-suma-nueva-vocera-impulsada-con-ia\/","title":{"rendered":"G\u00e1lvez suma nueva vocera impulsada con IA"},"content":{"rendered":"\n<p>La inteligencia artificial (IA) lleg\u00f3 a las precampa\u00f1as electorales en M\u00e9xico y la precandidata \u00fanica de la oposici\u00f3n X\u00f3chitl G\u00e1lvez tendr\u00e1 su propia vocera impulsada por esta tecnolog\u00eda: la iX\u00f3chitl.<\/p>\n\n\n\n<p>Esta no es la primera vez que la candidata del Frente Amplio por M\u00e9xico utiliza la IA para difundir un posicionamiento o un mensaje para alentar los votos en su favor.<\/p>\n\n\n\n<p>Sin embargo, la precandidata de los partidos Acci\u00f3n Nacional (PAN), Revolucionario Institucional (PRI) y de la Revoluci\u00f3n Democr\u00e1tica (PRD) afirm\u00f3 que ahora contar\u00e1 con una nueva vocer\u00eda impulsada por la inteligencia artificial.<\/p>\n\n\n\n<p>\u201cQuiero anunciarles que implementaremos una vocer\u00eda especial con inteligencia artificial, muchos de ustedes han visto videos m\u00edos realizados con esta tecnolog\u00eda y hoy hemos decidi\u00f3 oficializar esta v\u00eda\u201d, comparti\u00f3 en su cuenta de X.<\/p>\n\n\n\n<p>La precandidata \u00fanica de la oposici\u00f3n aclar\u00f3 que la IA generativa hace eficiente los tiempos y los recursos econ\u00f3micos, pues asegur\u00f3 que es muy r\u00e1pido tener el material y es muy barato.<\/p>\n","protected":false},"excerpt":{"rendered":"<p>La inteligencia artificial (IA) lleg\u00f3 a las precampa\u00f1as electorales en M\u00e9xico y la precandidata \u00fanica de la oposici\u00f3n X\u00f3chitl G\u00e1lvez tendr\u00e1 su propia vocera impulsada por esta tecnolog\u00eda: la iX\u00f3chitl. Esta no es la primera vez que la candidata del Frente Amplio por M\u00e9xico utiliza la IA para difundir un posicionamiento o un mensaje para [&hellip;]<\/p>\n","protected":false},"author":80,"featured_media":292519,"comment_status":"closed","ping_status":"closed","sticky":false,"template":"","format":"standard","meta":{"footnotes":""},"categories":[36],"tags":[],"class_list":["post-292518","post","type-post","status-publish","format-standard","has-post-thumbnail","hentry","category-nacion"],"_links":{"self":[{"href":"https:\/\/plazajuarez.mx\/historico\/wp-json\/wp\/v2\/posts\/292518","targetHints":{"allow":["GET"]}}],"collection":[{"href":"https:\/\/plazajuarez.mx\/historico\/wp-json\/wp\/v2\/posts"}],"about":[{"href":"https:\/\/plazajuarez.mx\/historico\/wp-json\/wp\/v2\/types\/post"}],"author":[{"embeddable":true,"href":"https:\/\/plazajuarez.mx\/historico\/wp-json\/wp\/v2\/users\/80"}],"replies":[{"embeddable":true,"href":"https:\/\/plazajuarez.mx\/historico\/wp-json\/wp\/v2\/comments?post=292518"}],"version-history":[{"count":0,"href":"https:\/\/plazajuarez.mx\/historico\/wp-json\/wp\/v2\/posts\/292518\/revisions"}],"wp:featuredmedia":[{"embeddable":true,"href":"https:\/\/plazajuarez.mx\/historico\/wp-json\/wp\/v2\/media\/292519"}],"wp:attachment":[{"href":"https:\/\/plazajuarez.mx\/historico\/wp-json\/wp\/v2\/media?parent=292518"}],"wp:term":[{"taxonomy":"category","embeddable":true,"href":"https:\/\/plazajuarez.mx\/historico\/wp-json\/wp\/v2\/categories?post=292518"},{"taxonomy":"post_tag","embeddable":true,"href":"https:\/\/plazajuarez.mx\/historico\/wp-json\/wp\/v2\/tags?post=292518"}],"curies":[{"name":"wp","href":"https:\/\/api.w.org\/{rel}","templated":true}]}}