{"id":292515,"date":"2023-12-19T03:32:29","date_gmt":"2023-12-19T09:32:29","guid":{"rendered":"https:\/\/plazajuarez.mx\/?p=292515"},"modified":"2023-12-19T03:32:32","modified_gmt":"2023-12-19T09:32:32","slug":"amlo-relaciona-masacre-con-aumento-en-consumo-de-drogas","status":"publish","type":"post","link":"https:\/\/plazajuarez.mx\/historico\/amlo-relaciona-masacre-con-aumento-en-consumo-de-drogas\/","title":{"rendered":"AMLO relaciona masacre con aumento en consumo de drogas"},"content":{"rendered":"\n<p>El presidente de M\u00e9xico, Andr\u00e9s Manuel L\u00f3pez Obrador, relacion\u00f3 el pasado lunes el ataque armado en el que fueron asesinados 12 j\u00f3venes en la madrugada del domingo en Guanajuato, centro del pa\u00eds, con un &#8220;problema estructural&#8221; en la regi\u00f3n relacionado con el aumento en el consumo de drogas.<\/p>\n\n\n\n<p>&#8220;Guanajuato requiere atenci\u00f3n especial. Es un problema estructural de fondo, algo que se dej\u00f3 crecer por distintas circunstancias. Esa franja es de las zonas con m\u00e1s consumo de droga en el pa\u00eds&#8221;, estableci\u00f3 el presidente.<\/p>\n\n\n\n<p>L\u00f3pez Obrador asegur\u00f3 que es necesario analizar las causas del aumento del consumo y tambi\u00e9n el comercio de estupefacientes, aunque adelant\u00f3 que se permiti\u00f3 durante d\u00e9cadas la operaci\u00f3n de grupos del crimen organizado.<\/p>\n\n\n\n<p>Por esto, pidi\u00f3 &#8220;que se cambie el fiscal (general del estado, Carlos Zamarripa)&#8221;, quien lleva 13 a\u00f1os en su cargo.<\/p>\n\n\n\n<p>&#8220;Es como si fuese el gobernador, y est\u00e1 apoyado por grupos con mucha incidencia, no es posible ya&#8221;, sentenci\u00f3.<\/p>\n","protected":false},"excerpt":{"rendered":"<p>El presidente de M\u00e9xico, Andr\u00e9s Manuel L\u00f3pez Obrador, relacion\u00f3 el pasado lunes el ataque armado en el que fueron asesinados 12 j\u00f3venes en la madrugada del domingo en Guanajuato, centro del pa\u00eds, con un &#8220;problema estructural&#8221; en la regi\u00f3n relacionado con el aumento en el consumo de drogas. &#8220;Guanajuato requiere atenci\u00f3n especial. Es un problema [&hellip;]<\/p>\n","protected":false},"author":80,"featured_media":292516,"comment_status":"closed","ping_status":"closed","sticky":false,"template":"","format":"standard","meta":{"footnotes":""},"categories":[36],"tags":[],"class_list":["post-292515","post","type-post","status-publish","format-standard","has-post-thumbnail","hentry","category-nacion"],"_links":{"self":[{"href":"https:\/\/plazajuarez.mx\/historico\/wp-json\/wp\/v2\/posts\/292515","targetHints":{"allow":["GET"]}}],"collection":[{"href":"https:\/\/plazajuarez.mx\/historico\/wp-json\/wp\/v2\/posts"}],"about":[{"href":"https:\/\/plazajuarez.mx\/historico\/wp-json\/wp\/v2\/types\/post"}],"author":[{"embeddable":true,"href":"https:\/\/plazajuarez.mx\/historico\/wp-json\/wp\/v2\/users\/80"}],"replies":[{"embeddable":true,"href":"https:\/\/plazajuarez.mx\/historico\/wp-json\/wp\/v2\/comments?post=292515"}],"version-history":[{"count":0,"href":"https:\/\/plazajuarez.mx\/historico\/wp-json\/wp\/v2\/posts\/292515\/revisions"}],"wp:featuredmedia":[{"embeddable":true,"href":"https:\/\/plazajuarez.mx\/historico\/wp-json\/wp\/v2\/media\/292516"}],"wp:attachment":[{"href":"https:\/\/plazajuarez.mx\/historico\/wp-json\/wp\/v2\/media?parent=292515"}],"wp:term":[{"taxonomy":"category","embeddable":true,"href":"https:\/\/plazajuarez.mx\/historico\/wp-json\/wp\/v2\/categories?post=292515"},{"taxonomy":"post_tag","embeddable":true,"href":"https:\/\/plazajuarez.mx\/historico\/wp-json\/wp\/v2\/tags?post=292515"}],"curies":[{"name":"wp","href":"https:\/\/api.w.org\/{rel}","templated":true}]}}