{"id":292512,"date":"2023-12-19T03:26:59","date_gmt":"2023-12-19T09:26:59","guid":{"rendered":"https:\/\/plazajuarez.mx\/?p=292512"},"modified":"2023-12-19T03:27:02","modified_gmt":"2023-12-19T09:27:02","slug":"bad-bunny-y-kendall-jenner-terminan-su-relacion","status":"publish","type":"post","link":"https:\/\/plazajuarez.mx\/historico\/bad-bunny-y-kendall-jenner-terminan-su-relacion\/","title":{"rendered":"Bad Bunny y Kendall Jenner terminan su relaci\u00f3n"},"content":{"rendered":"\n<p>El cantante puertorrique\u00f1o Bad Bunny y la modelo estadounidense Kendall Jenner, de la familia Kardashian, terminaron su relaci\u00f3n despu\u00e9s de menos de un a\u00f1o de apariciones p\u00fablicas y campa\u00f1as publicitarias en conjunto.&nbsp;<\/p>\n\n\n\n<p>Fuentes cercanas a la pareja confirmaron la ruptura a la revista People y Entertainment Tonight y que no hay malos entendidos entre los dos.<\/p>\n\n\n\n<p>&#8220;Ambos sab\u00edan al entrar en esto que probablemente no ser\u00eda un tipo de relaci\u00f3n para siempre y eso se entendi\u00f3 mutuamente desde el principio&#8221;, coment\u00f3 una fuente an\u00f3nima.<\/p>\n\n\n\n<p>La \u00faltima vez que la pareja fue captada en un evento p\u00fablico fue en la fiesta de &#8216;Saturday Night Live&#8217; en octubre, cuando el cantante de &#8216;Tit\u00ed me pregunto&#8217; fue el conductor del programa de comedia nocturno junto a Pedro Pascal.&nbsp;<\/p>\n\n\n\n<p>Los rumores de un supuesto romance entre Kendall, de 28 a\u00f1os, y Bad Bunny, de 29, surgieron en febrero cuando ambos fueron captados en una cita doble junto a Justin y Hailey Bieber.&nbsp;<\/p>\n\n\n\n<p>La pareja tambi\u00e9n fue captada en septiembre en la semana de la moda de Mil\u00e1n y a principios de octubre, ambos protagonizaron una campa\u00f1a publicitaria para Gucci.&nbsp;<\/p>\n\n\n\n<p>D\u00edas antes de su aparici\u00f3n en &#8216;Saturday Night Live&#8217;, Bad Bunny lanz\u00f3 el \u00e1lbum &#8216;Nadie sabe lo que va a pasar ma\u00f1ana&#8217;, donde hac\u00eda referencia a la modelo en varias de sus canciones.<\/p>\n\n\n\n<p>Hasta el momento ninguno de los dos ha emitido declaraciones al respecto.<\/p>\n","protected":false},"excerpt":{"rendered":"<p>El cantante puertorrique\u00f1o Bad Bunny y la modelo estadounidense Kendall Jenner, de la familia Kardashian, terminaron su relaci\u00f3n despu\u00e9s de menos de un a\u00f1o de apariciones p\u00fablicas y campa\u00f1as publicitarias en conjunto.&nbsp; Fuentes cercanas a la pareja confirmaron la ruptura a la revista People y Entertainment Tonight y que no hay malos entendidos entre los [&hellip;]<\/p>\n","protected":false},"author":80,"featured_media":292513,"comment_status":"closed","ping_status":"closed","sticky":false,"template":"","format":"standard","meta":{"footnotes":""},"categories":[38],"tags":[],"class_list":["post-292512","post","type-post","status-publish","format-standard","has-post-thumbnail","hentry","category-show"],"_links":{"self":[{"href":"https:\/\/plazajuarez.mx\/historico\/wp-json\/wp\/v2\/posts\/292512","targetHints":{"allow":["GET"]}}],"collection":[{"href":"https:\/\/plazajuarez.mx\/historico\/wp-json\/wp\/v2\/posts"}],"about":[{"href":"https:\/\/plazajuarez.mx\/historico\/wp-json\/wp\/v2\/types\/post"}],"author":[{"embeddable":true,"href":"https:\/\/plazajuarez.mx\/historico\/wp-json\/wp\/v2\/users\/80"}],"replies":[{"embeddable":true,"href":"https:\/\/plazajuarez.mx\/historico\/wp-json\/wp\/v2\/comments?post=292512"}],"version-history":[{"count":0,"href":"https:\/\/plazajuarez.mx\/historico\/wp-json\/wp\/v2\/posts\/292512\/revisions"}],"wp:featuredmedia":[{"embeddable":true,"href":"https:\/\/plazajuarez.mx\/historico\/wp-json\/wp\/v2\/media\/292513"}],"wp:attachment":[{"href":"https:\/\/plazajuarez.mx\/historico\/wp-json\/wp\/v2\/media?parent=292512"}],"wp:term":[{"taxonomy":"category","embeddable":true,"href":"https:\/\/plazajuarez.mx\/historico\/wp-json\/wp\/v2\/categories?post=292512"},{"taxonomy":"post_tag","embeddable":true,"href":"https:\/\/plazajuarez.mx\/historico\/wp-json\/wp\/v2\/tags?post=292512"}],"curies":[{"name":"wp","href":"https:\/\/api.w.org\/{rel}","templated":true}]}}