{"id":292509,"date":"2023-12-19T03:16:55","date_gmt":"2023-12-19T09:16:55","guid":{"rendered":"https:\/\/plazajuarez.mx\/?p=292509"},"modified":"2023-12-19T03:16:59","modified_gmt":"2023-12-19T09:16:59","slug":"el-girona-despide-el-2023-con-una-goleada-para-sonar-con-un-2024-de-liga-de-campeones","status":"publish","type":"post","link":"https:\/\/plazajuarez.mx\/historico\/el-girona-despide-el-2023-con-una-goleada-para-sonar-con-un-2024-de-liga-de-campeones\/","title":{"rendered":"El Girona despide el 2023 con una goleada para so\u00f1ar con un 2024 de Liga de Campeones"},"content":{"rendered":"\n<p>El Girona de M\u00edchel S\u00e1nchez despidi\u00f3 este lunes el a\u00f1o 2023 en su estadio de Montilivi con una goleada contra el Alav\u00e9s (3-0) que permite mantener el liderato en solitario, ya con 44 puntos de 51 posibles, y continuar so\u00f1ando con un 2024 de Liga de Campeones o incluso con LaLiga EA Sports.<\/p>\n\n\n\n<p>Un doblete de Artem Dovbyk y un gol de Portu dieron el triunfo al Girona, que igual\u00f3 su r\u00e9cord de victorias en una temporada en Primera (14) con 21 jornadas por disputar a\u00fan y que solo tiene cinco puntos menos que en toda la \u00faltima Liga.<\/p>\n\n\n\n<p>El equipo m\u00e1s goleador de LaLiga (41) mantiene los dos puntos de ventaja sobre el Real Madrid y ya tiene nueve m\u00e1s que el Barcelona, mientras que el Alav\u00e9s enlaz\u00f3 el tercer duelo sin conocer el triunfo, sigue sin ganar a domicilio tras nueve desplazamientos y solo tiene tres puntos sobre el descenso.<\/p>\n\n\n\n<p>La primera mitad fue un mon\u00f3logo rojiblanco desde el silbato inicial, con una apuesta muy ofensiva por parte de M\u00edchel: Yan Couto y Miguel Guti\u00e9rrez, laterales de profesi\u00f3n, actuaban a la altura de Iv\u00e1n Mart\u00edn y Aleix Garcia, si no m\u00e1s arriba.<\/p>\n\n\n\n<p>El dominio era absoluto e incontestable, con porcentajes que llegaron hasta el 75 % mientras el Alav\u00e9s, sin opci\u00f3n de pelear la pelota, esperaba sus opciones de aprovechar la potencia de Samu Omorodion para hacer da\u00f1o al contraataque. La pelota apenas le duraba unos segundos: solo pod\u00eda defenderse.<\/p>\n\n\n\n<p>El Girona avis\u00f3 en el minuto 8, con un remate forzado de Dovbyk a centro desde la derecha de Couto que se march\u00f3 a c\u00f3rner tras tocar en un defensa visitante.<\/p>\n\n\n\n<p>A la segunda ya no fall\u00f3, en el minuto 23: Antonio Sivera repeli\u00f3 el tiro de Couto, pero Dovbyk, atento, caz\u00f3 el rechace solo en la frontal del \u00e1rea peque\u00f1a y, de cabeza, emboc\u00f3 el bal\u00f3n para cantar su noveno gol. Solo era cuesti\u00f3n de tiempo.<\/p>\n\n\n\n<p>El Alav\u00e9s intent\u00f3 dar un paso adelante e inquiet\u00f3 con un cabezazo t\u00edmido de Samu que termin\u00f3 en las manos de Paulo Gazzaniga, sin peligro.<\/p>\n","protected":false},"excerpt":{"rendered":"<p>El Girona de M\u00edchel S\u00e1nchez despidi\u00f3 este lunes el a\u00f1o 2023 en su estadio de Montilivi con una goleada contra el Alav\u00e9s (3-0) que permite mantener el liderato en solitario, ya con 44 puntos de 51 posibles, y continuar so\u00f1ando con un 2024 de Liga de Campeones o incluso con LaLiga EA Sports. Un doblete [&hellip;]<\/p>\n","protected":false},"author":80,"featured_media":292510,"comment_status":"closed","ping_status":"closed","sticky":false,"template":"","format":"standard","meta":{"footnotes":""},"categories":[39],"tags":[],"class_list":["post-292509","post","type-post","status-publish","format-standard","has-post-thumbnail","hentry","category-deportiva"],"_links":{"self":[{"href":"https:\/\/plazajuarez.mx\/historico\/wp-json\/wp\/v2\/posts\/292509","targetHints":{"allow":["GET"]}}],"collection":[{"href":"https:\/\/plazajuarez.mx\/historico\/wp-json\/wp\/v2\/posts"}],"about":[{"href":"https:\/\/plazajuarez.mx\/historico\/wp-json\/wp\/v2\/types\/post"}],"author":[{"embeddable":true,"href":"https:\/\/plazajuarez.mx\/historico\/wp-json\/wp\/v2\/users\/80"}],"replies":[{"embeddable":true,"href":"https:\/\/plazajuarez.mx\/historico\/wp-json\/wp\/v2\/comments?post=292509"}],"version-history":[{"count":0,"href":"https:\/\/plazajuarez.mx\/historico\/wp-json\/wp\/v2\/posts\/292509\/revisions"}],"wp:featuredmedia":[{"embeddable":true,"href":"https:\/\/plazajuarez.mx\/historico\/wp-json\/wp\/v2\/media\/292510"}],"wp:attachment":[{"href":"https:\/\/plazajuarez.mx\/historico\/wp-json\/wp\/v2\/media?parent=292509"}],"wp:term":[{"taxonomy":"category","embeddable":true,"href":"https:\/\/plazajuarez.mx\/historico\/wp-json\/wp\/v2\/categories?post=292509"},{"taxonomy":"post_tag","embeddable":true,"href":"https:\/\/plazajuarez.mx\/historico\/wp-json\/wp\/v2\/tags?post=292509"}],"curies":[{"name":"wp","href":"https:\/\/api.w.org\/{rel}","templated":true}]}}