{"id":292503,"date":"2023-12-19T03:01:13","date_gmt":"2023-12-19T09:01:13","guid":{"rendered":"https:\/\/plazajuarez.mx\/?p=292503"},"modified":"2023-12-19T03:01:16","modified_gmt":"2023-12-19T09:01:16","slug":"layun-se-retira-con-un-titulo-lo-sone-y-este-es-el-mejor-sueno","status":"publish","type":"post","link":"https:\/\/plazajuarez.mx\/historico\/layun-se-retira-con-un-titulo-lo-sone-y-este-es-el-mejor-sueno\/","title":{"rendered":"Lay\u00fan se retira con un t\u00edtulo: &#8220;Lo so\u00f1\u00e9 y este es el mejor sue\u00f1o&#8221;"},"content":{"rendered":"\n<p>El defensa mexicano Miguel Lay\u00fan asegur\u00f3, tras conquistar el Apertura 2023, el decimocuarto de Liga para el Am\u00e9rica, que retirarse con este t\u00edtulo es un sue\u00f1o cumplido, tras 17 a\u00f1os de carrera.<\/p>\n\n\n\n<p>&#8220;Lo so\u00f1\u00e9 y este es el mejor sue\u00f1o. Se lo hab\u00eda dicho a mis compa\u00f1eros, me voy a ir levantando el t\u00edtulo. Hoy cierro un ciclo de una manera a la que no le puedo pedir nada m\u00e1s, me voy m\u00e1s que satisfecho&#8221;, puntualiz\u00f3 el defensa que se retir\u00f3 este domingo.<\/p>\n\n\n\n<p>El defensa, mundialista en Brasil 2014 y Rusia 2018, record\u00f3 la satisfacci\u00f3n que le dej\u00f3 haber jugado en las tres grandes ligas de Europa.<\/p>\n\n\n\n<p>En la Serie A de Italia estuvo con Atalanta, en Inglaterra con el Watford y en Espa\u00f1a con Sevilla y Villarreal. Tambi\u00e9n jug\u00f3 en Portugal con el Oporto.<\/p>\n\n\n\n<p>&#8220;Ha sido un recorrido incre\u00edble que no cambiar\u00eda por nada. Muchas experiencias que me hicieron crecer al estar en tantas ligas tan importantes\u201d.<\/p>\n","protected":false},"excerpt":{"rendered":"<p>El defensa mexicano Miguel Lay\u00fan asegur\u00f3, tras conquistar el Apertura 2023, el decimocuarto de Liga para el Am\u00e9rica, que retirarse con este t\u00edtulo es un sue\u00f1o cumplido, tras 17 a\u00f1os de carrera. &#8220;Lo so\u00f1\u00e9 y este es el mejor sue\u00f1o. Se lo hab\u00eda dicho a mis compa\u00f1eros, me voy a ir levantando el t\u00edtulo. Hoy [&hellip;]<\/p>\n","protected":false},"author":80,"featured_media":292504,"comment_status":"closed","ping_status":"closed","sticky":false,"template":"","format":"standard","meta":{"footnotes":""},"categories":[39],"tags":[],"class_list":["post-292503","post","type-post","status-publish","format-standard","has-post-thumbnail","hentry","category-deportiva"],"_links":{"self":[{"href":"https:\/\/plazajuarez.mx\/historico\/wp-json\/wp\/v2\/posts\/292503","targetHints":{"allow":["GET"]}}],"collection":[{"href":"https:\/\/plazajuarez.mx\/historico\/wp-json\/wp\/v2\/posts"}],"about":[{"href":"https:\/\/plazajuarez.mx\/historico\/wp-json\/wp\/v2\/types\/post"}],"author":[{"embeddable":true,"href":"https:\/\/plazajuarez.mx\/historico\/wp-json\/wp\/v2\/users\/80"}],"replies":[{"embeddable":true,"href":"https:\/\/plazajuarez.mx\/historico\/wp-json\/wp\/v2\/comments?post=292503"}],"version-history":[{"count":0,"href":"https:\/\/plazajuarez.mx\/historico\/wp-json\/wp\/v2\/posts\/292503\/revisions"}],"wp:featuredmedia":[{"embeddable":true,"href":"https:\/\/plazajuarez.mx\/historico\/wp-json\/wp\/v2\/media\/292504"}],"wp:attachment":[{"href":"https:\/\/plazajuarez.mx\/historico\/wp-json\/wp\/v2\/media?parent=292503"}],"wp:term":[{"taxonomy":"category","embeddable":true,"href":"https:\/\/plazajuarez.mx\/historico\/wp-json\/wp\/v2\/categories?post=292503"},{"taxonomy":"post_tag","embeddable":true,"href":"https:\/\/plazajuarez.mx\/historico\/wp-json\/wp\/v2\/tags?post=292503"}],"curies":[{"name":"wp","href":"https:\/\/api.w.org\/{rel}","templated":true}]}}