{"id":292500,"date":"2023-12-19T02:55:33","date_gmt":"2023-12-19T08:55:33","guid":{"rendered":"https:\/\/plazajuarez.mx\/?p=292500"},"modified":"2023-12-19T02:55:38","modified_gmt":"2023-12-19T08:55:38","slug":"jardine-dice-que-el-titulo-del-apertura-es-el-primero-de-muchos-con-el-america","status":"publish","type":"post","link":"https:\/\/plazajuarez.mx\/historico\/jardine-dice-que-el-titulo-del-apertura-es-el-primero-de-muchos-con-el-america\/","title":{"rendered":"Jardine dice que el t\u00edtulo del Apertura es el primero de muchos con el Am\u00e9rica"},"content":{"rendered":"\n<p>El brasile\u00f1o Andr\u00e9 Jardine, entrenador de las \u00c1guilas del Am\u00e9rica del f\u00fatbol mexicano, afirm\u00f3 este domingo que el t\u00edtulo del Apertura 2023 que obtuvo este domingo con su equipo es el primero de los muchos que vendr\u00e1n.<\/p>\n\n\n\n<p>&#8220;Estoy realizando un sue\u00f1o porque tengo la certeza de que estamos empezando algo grande que empezamos a construir, \u00e9ste es el primero de muchos t\u00edtulos que vendr\u00e1n porque queremos construir un equipo de \u00e9poca&#8221;, asever\u00f3 el t\u00e9cnico luego de que Am\u00e9rica venciera en el partido de vuelta de la final por 3-0 a Tigres en tiempo extra.<\/p>\n\n\n\n<p>En el duelo de ida realizado el pasado jueves el resultado fue de 1-1, por lo que las \u00c1guilas se impusieron con marcador total de 4-1.<\/p>\n\n\n\n<p>En este choque realizado en el Estadio Azteca los equipos se neutralizaron durante los 90 minutos. En el tiempo extra el local anot\u00f3 por conducto del colombiano Juli\u00e1n Qui\u00f1ones, el paraguayo Richard S\u00e1nchez y el uruguayo Jonathan Rodr\u00edguez.<\/p>\n\n\n\n<p>Jardine equipar\u00f3 su felicidad con la que sinti\u00f3 cuando llev\u00f3 a obtener la medalla de oro a Brasil en los pasados Juegos Ol\u00edmpicos de Tokio 2022.<\/p>\n\n\n\n<p>&#8220;Es una sensaci\u00f3n espectacular, fue una noche inolvidable que espero repetir una y otra vez aqu\u00ed, creo que s\u00f3lo es equiparable con la medalla de oro que ganamos en Juegos Ol\u00edmpicos, es una sensaci\u00f3n similar&#8221;, detall\u00f3.<\/p>\n\n\n\n<p>El estratega aplaudi\u00f3 a la afici\u00f3n y a la directiva del equipo que confi\u00f3 en \u00e9l para otorgarle la direcci\u00f3n del equipo para este certamen.<\/p>\n","protected":false},"excerpt":{"rendered":"<p>El brasile\u00f1o Andr\u00e9 Jardine, entrenador de las \u00c1guilas del Am\u00e9rica del f\u00fatbol mexicano, afirm\u00f3 este domingo que el t\u00edtulo del Apertura 2023 que obtuvo este domingo con su equipo es el primero de los muchos que vendr\u00e1n. &#8220;Estoy realizando un sue\u00f1o porque tengo la certeza de que estamos empezando algo grande que empezamos a construir, [&hellip;]<\/p>\n","protected":false},"author":80,"featured_media":292501,"comment_status":"closed","ping_status":"closed","sticky":false,"template":"","format":"standard","meta":{"footnotes":""},"categories":[39],"tags":[],"class_list":["post-292500","post","type-post","status-publish","format-standard","has-post-thumbnail","hentry","category-deportiva"],"_links":{"self":[{"href":"https:\/\/plazajuarez.mx\/historico\/wp-json\/wp\/v2\/posts\/292500","targetHints":{"allow":["GET"]}}],"collection":[{"href":"https:\/\/plazajuarez.mx\/historico\/wp-json\/wp\/v2\/posts"}],"about":[{"href":"https:\/\/plazajuarez.mx\/historico\/wp-json\/wp\/v2\/types\/post"}],"author":[{"embeddable":true,"href":"https:\/\/plazajuarez.mx\/historico\/wp-json\/wp\/v2\/users\/80"}],"replies":[{"embeddable":true,"href":"https:\/\/plazajuarez.mx\/historico\/wp-json\/wp\/v2\/comments?post=292500"}],"version-history":[{"count":0,"href":"https:\/\/plazajuarez.mx\/historico\/wp-json\/wp\/v2\/posts\/292500\/revisions"}],"wp:featuredmedia":[{"embeddable":true,"href":"https:\/\/plazajuarez.mx\/historico\/wp-json\/wp\/v2\/media\/292501"}],"wp:attachment":[{"href":"https:\/\/plazajuarez.mx\/historico\/wp-json\/wp\/v2\/media?parent=292500"}],"wp:term":[{"taxonomy":"category","embeddable":true,"href":"https:\/\/plazajuarez.mx\/historico\/wp-json\/wp\/v2\/categories?post=292500"},{"taxonomy":"post_tag","embeddable":true,"href":"https:\/\/plazajuarez.mx\/historico\/wp-json\/wp\/v2\/tags?post=292500"}],"curies":[{"name":"wp","href":"https:\/\/api.w.org\/{rel}","templated":true}]}}