{"id":2925,"date":"2015-03-28T06:00:00","date_gmt":"2015-03-28T06:00:00","guid":{"rendered":"http:\/\/plazajuarez.mx\/index\/index.php\/2015\/03\/28\/actualizaran-el-bando-de-policia-y-buen-gobierno\/"},"modified":"2015-03-28T06:00:00","modified_gmt":"2015-03-28T06:00:00","slug":"actualizaran-el-bando-de-policia-y-buen-gobierno","status":"publish","type":"post","link":"https:\/\/plazajuarez.mx\/historico\/actualizaran-el-bando-de-policia-y-buen-gobierno\/","title":{"rendered":"Actualizar\u00e1n el Bando de Polic\u00eda y Buen Gobierno"},"content":{"rendered":"<p><span style=\"font-family: verdana,geneva; font-size: 10pt;\"><strong>Tepeapulco <\/strong><\/span><\/p>\n<p><span style=\"font-family: verdana,geneva; font-size: 10pt;\">Despu\u00e9s de m\u00e1s de 20 a\u00f1os de contar con una versi\u00f3n de Bando de Polic\u00eda y Buen Gobierno, la cual se expidi\u00f3 en 1993, con el presidente municipal Jos\u00e9 Guillermo Pablo Uribe Mu\u00f1oz; el pasado martes, Alberto Franco Ram\u00edrez, alcalde de Tepeapulco, hizo entrega a la H. Asamblea de la actualizaci\u00f3n de este importante documento.<\/span><\/p>\n<p>  <!--more-->  <\/p>\n<p>\u00a0<\/p>\n<p><span style=\"font-family: verdana,geneva; font-size: 10pt;\">\u00a0<\/span><\/p>\n<p><span style=\"font-family: verdana,geneva; font-size: 10pt;\">En el contexto de un nuevo marco jur\u00eddico y pol\u00edtico, y tomando como base las nuevas reformas a la constituci\u00f3n pol\u00edtica de los Estados Unidos Mexicanos y a la propia carta magna local, se hace indispensable la reforma y la creaci\u00f3n de los nuevos referentes legales y reglamentarios municipales, a fin de estar a tono con las nuevas modalidades de organizaci\u00f3n y gobernabilidad que exigen los avances democr\u00e1ticos generalizados en nuestro pa\u00eds, indic\u00f3 Alberto Franco, durante la sesi\u00f3n extraordinaria.<\/span><\/p>\n<p><span style=\"font-family: verdana,geneva; font-size: 10pt;\">\u00a0<\/span><\/p>\n<p><span style=\"font-family: verdana,geneva; font-size: 10pt;\">Este documento consta de 211 art\u00edculos totalmente reformados en los cuales se expresan los derechos y obligaciones de los ciudadanos, as\u00ed como las funciones y responsabilidades de cada \u00e1rea que integra el gobierno municipal.<\/span><\/p>\n<p><span style=\"font-family: verdana,geneva; font-size: 10pt;\">\u00a0<\/span><\/p>\n<p><span style=\"font-family: verdana,geneva; font-size: 10pt;\">En este sentido, Franco Ram\u00edrez, mencion\u00f3 que el contenido el Bando de Polic\u00eda y Buen Gobierno del a\u00f1o 1993, resulta obsoleto para la actualidad, dado que se tienen nuevos sistemas y mecanismos para llevar a cabo una administraci\u00f3n p\u00fablica municipal.<\/span><\/p>\n<p><span style=\"font-family: verdana,geneva; font-size: 10pt;\">\u00a0<\/span><\/p>\n<p><span style=\"font-family: verdana,geneva; font-size: 10pt;\">Enlist\u00f3 como ejemplo, la instalaci\u00f3n formal de direcciones como Ecolog\u00eda, Servicios Municipales, Catastro, Planeaci\u00f3n, Inform\u00e1tica, Comunicaci\u00f3n Social, entre otras; las cuales anteriormente formaban parte de otras direcciones base o simplemente no exist\u00edan.<\/span><\/p>\n<p><span style=\"font-family: verdana,geneva; font-size: 10pt;\">\u00a0<\/span><\/p>\n<p><span style=\"font-family: verdana,geneva; font-size: 10pt;\">De igual manera, dijo, existen nuevas herramientas implementadas en este periodo como la sistematizaci\u00f3n de tr\u00e1mites a trav\u00e9s de Internet, e incluso temas tan importantes como la transparencia que no estaban considerados.<\/span><\/p>\n<p><span style=\"font-family: verdana,geneva; font-size: 10pt;\">\u00a0<\/span><\/p>\n<p><span style=\"font-family: verdana,geneva; font-size: 10pt;\">A fin de complementar este trabajo realizado por el regidor de extracci\u00f3n priista, Enrique Pineda \u00c1ngeles, en representaci\u00f3n de la Asamblea, y Miguel Franco Miranda, en voz de los funcionarios municipales; se realizar\u00e1 una revisi\u00f3n por cada director para enriquecer lo propuesto y apegarse a las necesidades de cada una de las \u00e1reas.<\/span><\/p>\n<p><span style=\"font-family: verdana,geneva; font-size: 10pt;\">\u00a0<\/span><\/p>\n<p><span style=\"font-family: verdana,geneva; font-size: 10pt;\">Esta revisi\u00f3n, an\u00e1lisis y aportaciones se llevar\u00e1n a cabo en un plazo de 30 d\u00edas naturales, por lo que el pr\u00f3ximo 24 de abril, se podr\u00e1 continuar con el tr\u00e1mite para la publicaci\u00f3n oficial de este documento que regir\u00e1 al municipio de Tepeapulco.<\/span><\/p>\n<p><span style=\"font-family: verdana,geneva; font-size: 10pt;\">\u00a0<\/span><\/p>\n<p><span style=\"font-family: verdana,geneva; font-size: 10pt;\">\u00a0<\/span><\/p>\n","protected":false},"excerpt":{"rendered":"<p>Tepeapulco Despu\u00e9s de m\u00e1s de 20 a\u00f1os de contar con una versi\u00f3n de Bando de Polic\u00eda y Buen Gobierno, la cual se expidi\u00f3 en 1993, con el presidente municipal Jos\u00e9 Guillermo Pablo Uribe Mu\u00f1oz; el pasado martes, Alberto Franco Ram\u00edrez, alcalde de Tepeapulco, hizo entrega a la H. Asamblea de la actualizaci\u00f3n de este importante [&hellip;]<\/p>\n","protected":false},"author":93,"featured_media":0,"comment_status":"open","ping_status":"open","sticky":false,"template":"","format":"standard","meta":{"footnotes":""},"categories":[40],"tags":[],"class_list":["post-2925","post","type-post","status-publish","format-standard","hentry","category-region"],"_links":{"self":[{"href":"https:\/\/plazajuarez.mx\/historico\/wp-json\/wp\/v2\/posts\/2925","targetHints":{"allow":["GET"]}}],"collection":[{"href":"https:\/\/plazajuarez.mx\/historico\/wp-json\/wp\/v2\/posts"}],"about":[{"href":"https:\/\/plazajuarez.mx\/historico\/wp-json\/wp\/v2\/types\/post"}],"author":[{"embeddable":true,"href":"https:\/\/plazajuarez.mx\/historico\/wp-json\/wp\/v2\/users\/93"}],"replies":[{"embeddable":true,"href":"https:\/\/plazajuarez.mx\/historico\/wp-json\/wp\/v2\/comments?post=2925"}],"version-history":[{"count":0,"href":"https:\/\/plazajuarez.mx\/historico\/wp-json\/wp\/v2\/posts\/2925\/revisions"}],"wp:attachment":[{"href":"https:\/\/plazajuarez.mx\/historico\/wp-json\/wp\/v2\/media?parent=2925"}],"wp:term":[{"taxonomy":"category","embeddable":true,"href":"https:\/\/plazajuarez.mx\/historico\/wp-json\/wp\/v2\/categories?post=2925"},{"taxonomy":"post_tag","embeddable":true,"href":"https:\/\/plazajuarez.mx\/historico\/wp-json\/wp\/v2\/tags?post=2925"}],"curies":[{"name":"wp","href":"https:\/\/api.w.org\/{rel}","templated":true}]}}