{"id":292498,"date":"2023-12-19T02:49:21","date_gmt":"2023-12-19T08:49:21","guid":{"rendered":"https:\/\/plazajuarez.mx\/?p=292498"},"modified":"2023-12-19T02:49:24","modified_gmt":"2023-12-19T08:49:24","slug":"bernstein-super-estrella-2","status":"publish","type":"post","link":"https:\/\/plazajuarez.mx\/historico\/bernstein-super-estrella-2\/","title":{"rendered":"Bernstein \u00a1s\u00faper estrella!"},"content":{"rendered":"\n<h2 class=\"wp-block-heading\">CINE DE HOY<\/h2>\n\n\n\n<p>En esta ocasi\u00f3n vamos a hablar de \u2018Maestro\u2019 de Bradley Cooper, pretende ser una biopic sobre el m\u00e1s importante director y compositor norteamericano Leonard Bernstein<\/p>\n\n\n\n<p>\u2018Maestro\u2019, ambicioso segundo largometraje como director de Bradley Cooper, pretende ser una biopic sobre el m\u00e1s importante director y compositor norteamericano Leonard Bernstein.<\/p>\n\n\n\n<p>El gui\u00f3n del propio realizador y Josh Singer narra la tormentosa vida sexual del m\u00fasico, quien se cas\u00f3 con la actriz Felicia Montealegre (una espl\u00e9ndida Carey Mulligan), con la que tuvo tres hijos: Jaimie, Alexander y Nina, pese a que enga\u00f1aba a su esposa con j\u00f3venes colegas y amigos.<\/p>\n\n\n\n<p>En una de las escenas m\u00e1s representativas de la cinta, Bernstein le confiesa a un beb\u00e9 \u201cque se ha acostado con sus pap\u00e1s\u201d.<\/p>\n\n\n\n<p>La primera parte de la cinta es brillante, con el director de \u2018Nace una estrella\u2019 resaltando los grandes \u00e9xitos del m\u00fasico como \u2018Un d\u00eda en Nueva York\u2019 o \u2018Amor sin barreras\u2019.<\/p>\n\n\n\n<p>Pero el filme decae en la segunda parte, cuando muestra el melodrama familiar con el director desmintiendo los rumores ante sus hijos.<\/p>\n\n\n\n<p>Afortunadamente, en la parte final Cooper recupera la cordura y saca adelante la cinta.<\/p>\n\n\n\n<p>Menci\u00f3n aparte merece el maquillaje de Vivian Baker, que logra un gran parecido de Cooper con el director.<\/p>\n\n\n\n<p>Seguramente los mel\u00f3manos no quedar\u00e1n muy conformes con la poca m\u00fasica inclu\u00edda en la cinta.<\/p>\n\n\n\n<p>Aunque no del todo lograda, \u2018Maestro\u2019 se puede ver en la Cineteca de las Artes y en la plataforma Netflix y sin duda ser\u00e1 nominada para varios Oscars.&nbsp;<\/p>\n","protected":false},"excerpt":{"rendered":"<p>CINE DE HOY En esta ocasi\u00f3n vamos a hablar de \u2018Maestro\u2019 de Bradley Cooper, pretende ser una biopic sobre el m\u00e1s importante director y compositor norteamericano Leonard Bernstein \u2018Maestro\u2019, ambicioso segundo largometraje como director de Bradley Cooper, pretende ser una biopic sobre el m\u00e1s importante director y compositor norteamericano Leonard Bernstein. El gui\u00f3n del propio [&hellip;]<\/p>\n","protected":false},"author":96,"featured_media":247288,"comment_status":"closed","ping_status":"closed","sticky":false,"template":"","format":"standard","meta":{"footnotes":""},"categories":[41,54,42],"tags":[],"class_list":["post-292498","post","type-post","status-publish","format-standard","has-post-thumbnail","hentry","category-arteria-cultural","category-jorge-carrasco","category-nuestrapalabra"],"_links":{"self":[{"href":"https:\/\/plazajuarez.mx\/historico\/wp-json\/wp\/v2\/posts\/292498","targetHints":{"allow":["GET"]}}],"collection":[{"href":"https:\/\/plazajuarez.mx\/historico\/wp-json\/wp\/v2\/posts"}],"about":[{"href":"https:\/\/plazajuarez.mx\/historico\/wp-json\/wp\/v2\/types\/post"}],"author":[{"embeddable":true,"href":"https:\/\/plazajuarez.mx\/historico\/wp-json\/wp\/v2\/users\/96"}],"replies":[{"embeddable":true,"href":"https:\/\/plazajuarez.mx\/historico\/wp-json\/wp\/v2\/comments?post=292498"}],"version-history":[{"count":0,"href":"https:\/\/plazajuarez.mx\/historico\/wp-json\/wp\/v2\/posts\/292498\/revisions"}],"wp:featuredmedia":[{"embeddable":true,"href":"https:\/\/plazajuarez.mx\/historico\/wp-json\/wp\/v2\/media\/247288"}],"wp:attachment":[{"href":"https:\/\/plazajuarez.mx\/historico\/wp-json\/wp\/v2\/media?parent=292498"}],"wp:term":[{"taxonomy":"category","embeddable":true,"href":"https:\/\/plazajuarez.mx\/historico\/wp-json\/wp\/v2\/categories?post=292498"},{"taxonomy":"post_tag","embeddable":true,"href":"https:\/\/plazajuarez.mx\/historico\/wp-json\/wp\/v2\/tags?post=292498"}],"curies":[{"name":"wp","href":"https:\/\/api.w.org\/{rel}","templated":true}]}}