{"id":292492,"date":"2023-12-19T02:34:19","date_gmt":"2023-12-19T08:34:19","guid":{"rendered":"https:\/\/plazajuarez.mx\/?p=292492"},"modified":"2023-12-19T02:34:22","modified_gmt":"2023-12-19T08:34:22","slug":"investigan-masacre-que-fue-perpetrada-en-posada-de-salvatierra-donde-mataron-a-12","status":"publish","type":"post","link":"https:\/\/plazajuarez.mx\/historico\/investigan-masacre-que-fue-perpetrada-en-posada-de-salvatierra-donde-mataron-a-12\/","title":{"rendered":"Investigan masacre, que fue perpetrada en\u00a0posada de Salvatierra, donde mataron a 12"},"content":{"rendered":"\n<p>Fiscal\u00eda del Estado, revel\u00f3 que realizan investigaciones, para dar con los autores del ataque y por protestas de familiares de los fallecidos se comprometen a dar agilidad a las indagatorias<\/p>\n\n\n\n<p>Luego de que un comando armado, la noche del domingo, masacr\u00f3 a un grupo de j\u00f3venes que realizaban una posada en la ex Hacienda de San Jos\u00e9 del Carmen, en Salvatierra, Guanajuato, las autoridades reportaron que el saldo rojo, fue de 12 muertos a balazos.<\/p>\n\n\n\n<p>Al respecto la Fiscal\u00eda del Estado revel\u00f3 que ya se realizan las investigaciones, para tratar de dar con los autores del ataque y ante las protestas de los familiares de los fallecidos se comprometieron a dar agilidad a las indagatorias.<\/p>\n\n\n\n<p>Guanajuato vive una intensa ola de violencia, pues adem\u00e1s el domingo se registr\u00f3 una artera agresi\u00f3n a balazos&nbsp; al interior de una barber\u00eda, en la que habr\u00edan asesinado a balazos a cuatro personas, pero durante la refriega, tres m\u00e1s resultaron con lesiones de gravedad,<\/p>\n\n\n\n<p>De ello se inform\u00f3 que de los afectados se cuentan a trabajadores del lugar, clientes y adem\u00e1s las balas habr\u00edan alcanzado a dos transe\u00fantes que deambulaban por la zona.<\/p>\n\n\n\n<p>En otros hechos criminales se incluyen que el fin de semana fueron asesinadas una mujer, este lunes por la tarde un hombre muri\u00f3 y otro m\u00e1s result\u00f3 herido, tras ser atacados a balazos afuera de una vivienda de la colonia 8 de junio, esto en el municipio de Irapuato.<\/p>\n\n\n\n<p>Por tanta violencia, se instruy\u00f3 a las corporaciones policiales del estado, el inmediato despliegue de operativos conjuntos, en los que deber\u00e1n participar elementos de los tres niveles de gobierno, para de esa manera tratar de minimizar la violencia, reforzar la seguridad y tratar de prevenir actos delictivos.<\/p>\n","protected":false},"excerpt":{"rendered":"<p>Fiscal\u00eda del Estado, revel\u00f3 que realizan investigaciones, para dar con los autores del ataque y por protestas de familiares de los fallecidos se comprometen a dar agilidad a las indagatorias Luego de que un comando armado, la noche del domingo, masacr\u00f3 a un grupo de j\u00f3venes que realizaban una posada en la ex Hacienda de [&hellip;]<\/p>\n","protected":false},"author":93,"featured_media":292493,"comment_status":"closed","ping_status":"closed","sticky":false,"template":"","format":"standard","meta":{"footnotes":""},"categories":[37],"tags":[],"class_list":["post-292492","post","type-post","status-publish","format-standard","has-post-thumbnail","hentry","category-barandilla"],"_links":{"self":[{"href":"https:\/\/plazajuarez.mx\/historico\/wp-json\/wp\/v2\/posts\/292492","targetHints":{"allow":["GET"]}}],"collection":[{"href":"https:\/\/plazajuarez.mx\/historico\/wp-json\/wp\/v2\/posts"}],"about":[{"href":"https:\/\/plazajuarez.mx\/historico\/wp-json\/wp\/v2\/types\/post"}],"author":[{"embeddable":true,"href":"https:\/\/plazajuarez.mx\/historico\/wp-json\/wp\/v2\/users\/93"}],"replies":[{"embeddable":true,"href":"https:\/\/plazajuarez.mx\/historico\/wp-json\/wp\/v2\/comments?post=292492"}],"version-history":[{"count":0,"href":"https:\/\/plazajuarez.mx\/historico\/wp-json\/wp\/v2\/posts\/292492\/revisions"}],"wp:featuredmedia":[{"embeddable":true,"href":"https:\/\/plazajuarez.mx\/historico\/wp-json\/wp\/v2\/media\/292493"}],"wp:attachment":[{"href":"https:\/\/plazajuarez.mx\/historico\/wp-json\/wp\/v2\/media?parent=292492"}],"wp:term":[{"taxonomy":"category","embeddable":true,"href":"https:\/\/plazajuarez.mx\/historico\/wp-json\/wp\/v2\/categories?post=292492"},{"taxonomy":"post_tag","embeddable":true,"href":"https:\/\/plazajuarez.mx\/historico\/wp-json\/wp\/v2\/tags?post=292492"}],"curies":[{"name":"wp","href":"https:\/\/api.w.org\/{rel}","templated":true}]}}