{"id":292458,"date":"2023-12-18T06:07:03","date_gmt":"2023-12-18T12:07:03","guid":{"rendered":"https:\/\/plazajuarez.mx\/?p=292458"},"modified":"2023-12-18T06:07:05","modified_gmt":"2023-12-18T12:07:05","slug":"puerto-de-mazatlan-el-mejor-lugar-del-mundo-para-ver-el-eclipse-solar","status":"publish","type":"post","link":"https:\/\/plazajuarez.mx\/historico\/puerto-de-mazatlan-el-mejor-lugar-del-mundo-para-ver-el-eclipse-solar\/","title":{"rendered":"Puerto de Mazatl\u00e1n, el mejor lugar del mundo para ver el eclipse solar"},"content":{"rendered":"\n<p>El puerto de Mazatl\u00e1n, en Sinaloa, fue electo como el mejor punto geogr\u00e1fico para apreciar el eclipse total de sol en abril de 2024, asegur\u00f3 este s\u00e1bado la Agencia Espacial de Estados Unidos (NASA, por sus siglas en ingl\u00e9s), misma que se instalar\u00e1 en el norte de M\u00e9xico para documentar este suceso astron\u00f3mico.<\/p>\n\n\n\n<p>\u201cNos sentimos muy afortunados de estar aqu\u00ed en Mazatl\u00e1n porque este va a ser el mejor lugar del mundo entero para poder observar este fen\u00f3meno\u201d, expres\u00f3 Gregory Schmidt, miembro del Instituto Virtual de Exploraci\u00f3n y Estudio del Sistema Solar (Sservi, en ingl\u00e9s) de la NASA.<\/p>\n\n\n\n<p>En un comunicado, la Secretar\u00eda de Infraestructura, Comunicaciones y Transportes (SICT) inform\u00f3 que la Agencia Espacial Mexicana (AEM) trabajar\u00e1 junto a la NASA y la Sociedad Astron\u00f3mica Mazatleca en lo que denominaron la actividad educativa \u2018Eclipse Total de Sol\u2013abril 2024\u2019.<\/p>\n\n\n\n<p>Para el director de la AEM, Salvador Landeros, M\u00e9xico &#8220;estar\u00e1 en los ojos del mundo\u201d, pues afirm\u00f3 que M\u00e9xico es el mejor lugar considerado por la NASA para apreciar y documentar el eclipse total de sol que suceder\u00e1 el pr\u00f3ximo 8 de abril de 2024.<\/p>\n\n\n\n<p>\u201cNos congratulamos de que nuestras colaboraciones con la NASA, en esta ocasi\u00f3n en actividad coordinada con la Sociedad Astron\u00f3mica Mazatleca, contribuyan al objetivo de atraer las vocaciones j\u00f3venes hacia ciencia y el estudio, con el fin de alejarles de las causas de la violencia\u201d, expres\u00f3 Landeros en el encuentro realizado en el gran \u2018Acuario Mazatl\u00e1n-Mar de Cort\u00e9s\u2019.<\/p>\n\n\n\n<p>Asimismo, las autoridades mexicanas y estadounidenses tambi\u00e9n subrayaron que este evento astron\u00f3mico con estas caracter\u00edsticas no se repetir\u00e1 en esta zona hasta dentro de 300 a\u00f1os.<\/p>\n\n\n\n<p>En su oportunidad, el titular local de Desarrollo Econ\u00f3mico, Turismo y Pesca, Mart\u00edn Ochoa, inform\u00f3 que se conformar\u00e1 un Comit\u00e9 Municipal de Organizaci\u00f3n para el Eclipse, que tendr\u00e1 a cargo como principal objetivo: prevenir y preparar a la ciudadan\u00eda para una observaci\u00f3n segura.<\/p>\n","protected":false},"excerpt":{"rendered":"<p>El puerto de Mazatl\u00e1n, en Sinaloa, fue electo como el mejor punto geogr\u00e1fico para apreciar el eclipse total de sol en abril de 2024, asegur\u00f3 este s\u00e1bado la Agencia Espacial de Estados Unidos (NASA, por sus siglas en ingl\u00e9s), misma que se instalar\u00e1 en el norte de M\u00e9xico para documentar este suceso astron\u00f3mico. \u201cNos sentimos [&hellip;]<\/p>\n","protected":false},"author":80,"featured_media":292459,"comment_status":"closed","ping_status":"closed","sticky":false,"template":"","format":"standard","meta":{"footnotes":""},"categories":[59],"tags":[],"class_list":["post-292458","post","type-post","status-publish","format-standard","has-post-thumbnail","hentry","category-general"],"_links":{"self":[{"href":"https:\/\/plazajuarez.mx\/historico\/wp-json\/wp\/v2\/posts\/292458","targetHints":{"allow":["GET"]}}],"collection":[{"href":"https:\/\/plazajuarez.mx\/historico\/wp-json\/wp\/v2\/posts"}],"about":[{"href":"https:\/\/plazajuarez.mx\/historico\/wp-json\/wp\/v2\/types\/post"}],"author":[{"embeddable":true,"href":"https:\/\/plazajuarez.mx\/historico\/wp-json\/wp\/v2\/users\/80"}],"replies":[{"embeddable":true,"href":"https:\/\/plazajuarez.mx\/historico\/wp-json\/wp\/v2\/comments?post=292458"}],"version-history":[{"count":0,"href":"https:\/\/plazajuarez.mx\/historico\/wp-json\/wp\/v2\/posts\/292458\/revisions"}],"wp:featuredmedia":[{"embeddable":true,"href":"https:\/\/plazajuarez.mx\/historico\/wp-json\/wp\/v2\/media\/292459"}],"wp:attachment":[{"href":"https:\/\/plazajuarez.mx\/historico\/wp-json\/wp\/v2\/media?parent=292458"}],"wp:term":[{"taxonomy":"category","embeddable":true,"href":"https:\/\/plazajuarez.mx\/historico\/wp-json\/wp\/v2\/categories?post=292458"},{"taxonomy":"post_tag","embeddable":true,"href":"https:\/\/plazajuarez.mx\/historico\/wp-json\/wp\/v2\/tags?post=292458"}],"curies":[{"name":"wp","href":"https:\/\/api.w.org\/{rel}","templated":true}]}}