{"id":292455,"date":"2023-12-18T06:05:16","date_gmt":"2023-12-18T12:05:16","guid":{"rendered":"https:\/\/plazajuarez.mx\/?p=292455"},"modified":"2023-12-18T06:05:19","modified_gmt":"2023-12-18T12:05:19","slug":"piden-a-secretarias-combatir-la-tala-clandestina","status":"publish","type":"post","link":"https:\/\/plazajuarez.mx\/historico\/piden-a-secretarias-combatir-la-tala-clandestina\/","title":{"rendered":"Piden a secretar\u00edas combatir la tala clandestina"},"content":{"rendered":"\n<p>Con el objetivo de fortalecer las acciones de combate a la tala clandestina en el Estado de Hidalgo, particularmente en los municipios de alta incidencia, Roc\u00edo Jaqueline Sosa Jim\u00e9nez, Citlali Jaramillo Ram\u00edrez y Juan de Dios Pontigo Loyola, diputados locales independientes, propusieron exhortar a diversas dependencias federales y estatales para que se dispongan&nbsp; elementos operativos, policiacos y t\u00e9cnicos suficientes y permanentes.<\/p>\n\n\n\n<p>En su argumentaci\u00f3n, los legisladores se\u00f1alaron: \u201cla diversidad de nuestros bosques, no solo contribuye al equilibrio ecol\u00f3gico, sino que tambi\u00e9n sustenta la vida de numerosas comunidades locales; sin embargo, esta riqueza se ve amenazada por una problem\u00e1tica creciente y alarmante, la tala clandestina. Esta, no es solo un atentado en contra de nuestro entorno natural, la debemos de considerar como un ataque directo a la integridad de Hidalgo, y desde luego, a la calidad de vida de quienes aqu\u00ed habitamos\u201d.<\/p>\n\n\n\n<p>Y destacaron que, la p\u00e9rdida de bosques no solo lleva a consecuencias medioambientales, sino tambi\u00e9n sociales y econ\u00f3micas, afecta la seguridad h\u00eddrica, la regulaci\u00f3n del clima, la biodiversidad y desde luego, en consecuencia, el sustento de comunidades enteras por lo que resulta necesario el preservar, conservar y proteger los recursos forestales de la entidad.&nbsp;<\/p>\n\n\n\n<p>El exhorto fue dirigido a los titulares de: la Secretar\u00eda del Medio Ambiente y Recursos Naturales, la Comisi\u00f3n Nacional Forestal, la Procuradur\u00eda Federal de Protecci\u00f3n al Ambiente, la Secretar\u00eda de la Defensa Nacional, la Secretar\u00eda de Seguridad y Protecci\u00f3n Ciudadana, y Guardia Nacional, todas del Gobierno Federal.&nbsp;<\/p>\n\n\n\n<p>As\u00ed como a la Secretar\u00eda del Medio Ambiente y Recursos Naturales, la Comisi\u00f3n Estatal de la Biodiversidad, la Procuradur\u00eda Estatal de Protecci\u00f3n al Ambiente, la Secretar\u00eda de Desarrollo Agropecuario y la Secretar\u00eda de Seguridad P\u00fablica de los 84 municipios del Estado de Hidalgo.<\/p>\n\n\n\n<p>Igualmente, exhortaron a la Secretar\u00eda de Hacienda del Estado de Hidalgo para que, en el \u00e1mbito de sus facultades y en el marco de la programaci\u00f3n del presupuesto de egresos para el ejercicio fiscal 2024, se haga la asignaci\u00f3n del presupuesto necesario, para prevenir y erradicar la tala clandestina y el contrabando ilegal de recursos forestales<\/p>\n","protected":false},"excerpt":{"rendered":"<p>Con el objetivo de fortalecer las acciones de combate a la tala clandestina en el Estado de Hidalgo, particularmente en los municipios de alta incidencia, Roc\u00edo Jaqueline Sosa Jim\u00e9nez, Citlali Jaramillo Ram\u00edrez y Juan de Dios Pontigo Loyola, diputados locales independientes, propusieron exhortar a diversas dependencias federales y estatales para que se dispongan&nbsp; elementos operativos, [&hellip;]<\/p>\n","protected":false},"author":72,"featured_media":292456,"comment_status":"closed","ping_status":"closed","sticky":false,"template":"","format":"standard","meta":{"footnotes":""},"categories":[15,59],"tags":[],"class_list":["post-292455","post","type-post","status-publish","format-standard","has-post-thumbnail","hentry","category-destacadas","category-general"],"_links":{"self":[{"href":"https:\/\/plazajuarez.mx\/historico\/wp-json\/wp\/v2\/posts\/292455","targetHints":{"allow":["GET"]}}],"collection":[{"href":"https:\/\/plazajuarez.mx\/historico\/wp-json\/wp\/v2\/posts"}],"about":[{"href":"https:\/\/plazajuarez.mx\/historico\/wp-json\/wp\/v2\/types\/post"}],"author":[{"embeddable":true,"href":"https:\/\/plazajuarez.mx\/historico\/wp-json\/wp\/v2\/users\/72"}],"replies":[{"embeddable":true,"href":"https:\/\/plazajuarez.mx\/historico\/wp-json\/wp\/v2\/comments?post=292455"}],"version-history":[{"count":0,"href":"https:\/\/plazajuarez.mx\/historico\/wp-json\/wp\/v2\/posts\/292455\/revisions"}],"wp:featuredmedia":[{"embeddable":true,"href":"https:\/\/plazajuarez.mx\/historico\/wp-json\/wp\/v2\/media\/292456"}],"wp:attachment":[{"href":"https:\/\/plazajuarez.mx\/historico\/wp-json\/wp\/v2\/media?parent=292455"}],"wp:term":[{"taxonomy":"category","embeddable":true,"href":"https:\/\/plazajuarez.mx\/historico\/wp-json\/wp\/v2\/categories?post=292455"},{"taxonomy":"post_tag","embeddable":true,"href":"https:\/\/plazajuarez.mx\/historico\/wp-json\/wp\/v2\/tags?post=292455"}],"curies":[{"name":"wp","href":"https:\/\/api.w.org\/{rel}","templated":true}]}}