{"id":29236,"date":"2016-09-29T15:17:51","date_gmt":"2016-09-29T15:17:51","guid":{"rendered":"http:\/\/plazajuarez.mx\/index\/index.php\/2016\/09\/29\/spot-maldito-de-osorio-chong\/"},"modified":"2016-09-29T15:17:51","modified_gmt":"2016-09-29T15:17:51","slug":"spot-maldito-de-osorio-chong","status":"publish","type":"post","link":"https:\/\/plazajuarez.mx\/historico\/spot-maldito-de-osorio-chong\/","title":{"rendered":"Spot \u201cmaldito\u201d de Osorio Chong"},"content":{"rendered":"<p>BAJO RESERVA EXPR\u00c9S<\/p>\n<p>  <!--more-->  <\/p>\n<p>A unas horas de poner un spot de 30 segundos en la red social Twitter sobre equidad de g\u00e9nero, dirigentes del PAN y PRD llamaron a sus equipos legales para elaborar una queja que ser\u00e1 presentada ante el Instituto Nacional Electoral contra el secretario de Gobernaci\u00f3n, Miguel \u00c1ngel Osorio Chong.<br \/>\u00a0\u00a0\u00a0 Nos dicen que los panistas y perredistas preparan la denuncia contra el hidalguense, bajo la figura de actos anticipados de campa\u00f1a.<br \/>\u00a0\u00a0\u00a0 Al interior del INE, a cargo del consejero Lorenzo C\u00f3rdova, se preparan para afrontar un nuevo debate que gira sobre las elecciones presidenciales de 2018, nos dicen.<br \/>\u00a0\u00a0\u00a0 \u00bfC\u00f3mo van regular las redes sociales en el contexto de la contienda electoral?<br \/>(EL UNIVERSAL)<\/p>\n","protected":false},"excerpt":{"rendered":"<p>BAJO RESERVA EXPR\u00c9S<\/p>\n","protected":false},"author":93,"featured_media":0,"comment_status":"open","ping_status":"open","sticky":false,"template":"","format":"standard","meta":{"footnotes":""},"categories":[42],"tags":[],"class_list":["post-29236","post","type-post","status-publish","format-standard","hentry","category-nuestrapalabra"],"_links":{"self":[{"href":"https:\/\/plazajuarez.mx\/historico\/wp-json\/wp\/v2\/posts\/29236","targetHints":{"allow":["GET"]}}],"collection":[{"href":"https:\/\/plazajuarez.mx\/historico\/wp-json\/wp\/v2\/posts"}],"about":[{"href":"https:\/\/plazajuarez.mx\/historico\/wp-json\/wp\/v2\/types\/post"}],"author":[{"embeddable":true,"href":"https:\/\/plazajuarez.mx\/historico\/wp-json\/wp\/v2\/users\/93"}],"replies":[{"embeddable":true,"href":"https:\/\/plazajuarez.mx\/historico\/wp-json\/wp\/v2\/comments?post=29236"}],"version-history":[{"count":0,"href":"https:\/\/plazajuarez.mx\/historico\/wp-json\/wp\/v2\/posts\/29236\/revisions"}],"wp:attachment":[{"href":"https:\/\/plazajuarez.mx\/historico\/wp-json\/wp\/v2\/media?parent=29236"}],"wp:term":[{"taxonomy":"category","embeddable":true,"href":"https:\/\/plazajuarez.mx\/historico\/wp-json\/wp\/v2\/categories?post=29236"},{"taxonomy":"post_tag","embeddable":true,"href":"https:\/\/plazajuarez.mx\/historico\/wp-json\/wp\/v2\/tags?post=29236"}],"curies":[{"name":"wp","href":"https:\/\/api.w.org\/{rel}","templated":true}]}}